{"id":16048,"date":"2022-04-25T23:04:09","date_gmt":"2022-04-25T23:04:09","guid":{"rendered":"http:\/\/hormigaradio.com\/?p=16048"},"modified":"2022-04-25T23:06:48","modified_gmt":"2022-04-25T23:06:48","slug":"huelga-desde-mi-optica","status":"publish","type":"post","link":"https:\/\/hormigaradio.com\/?p=16048","title":{"rendered":"HUELGA: DESDE MI \u00d3PTICA"},"content":{"rendered":"<p>Por\u00a0<a class=\"text-font font-700\" href=\"https:\/\/acento.com.do\/autor\/index.html?user_slug=evaldez\">EVELIN VALDEZ\u00a0<\/a><\/p>\n<p>Un paro de labores, huelga o protesta como lo quieras llamar, desde mi perspectiva, no es quemas neum\u00e1ticos, lanzar piedras o llamar al disturbio p\u00fablico es exigir nuestros derechos, amparado, en la Constituci\u00f3n de la Rep\u00fablica.<\/p>\n<figure id=\"attachment_3859\" aria-describedby=\"caption-attachment-3859\" style=\"width: 150px\" class=\"wp-caption alignleft\"><a href=\"http:\/\/hormigaradio.com\/wp-content\/uploads\/2018\/10\/Evelin-Valdez-para-los-art\u00edculo.jpg\"><img loading=\"lazy\" class=\"wp-image-3859 size-thumbnail\" src=\"http:\/\/hormigaradio.com\/wp-content\/uploads\/2018\/10\/Evelin-Valdez-para-los-art\u00edculo-150x150.jpg\" alt=\"\" width=\"150\" height=\"150\" srcset=\"https:\/\/hormigaradio.com\/wp-content\/uploads\/2018\/10\/Evelin-Valdez-para-los-art\u00edculo-150x150.jpg 150w, https:\/\/hormigaradio.com\/wp-content\/uploads\/2018\/10\/Evelin-Valdez-para-los-art\u00edculo-300x300.jpg 300w, https:\/\/hormigaradio.com\/wp-content\/uploads\/2018\/10\/Evelin-Valdez-para-los-art\u00edculo-215x215.jpg 215w, https:\/\/hormigaradio.com\/wp-content\/uploads\/2018\/10\/Evelin-Valdez-para-los-art\u00edculo.jpg 720w\" sizes=\"(max-width: 150px) 100vw, 150px\" \/><\/a><figcaption id=\"caption-attachment-3859\" class=\"wp-caption-text\"><em><strong>Evelin Valdez<\/strong><\/em><\/figcaption><\/figure>\n<p>Quiero un d\u00eda, sin comprar en ning\u00fan supermercado, para que los due\u00f1os que est\u00e1n sentados en sus tronos de millones de centavos que nos roban por la falta de educaci\u00f3n ciudadana, que se conforma con \u00a0caramelos (mentas), como devoluci\u00f3n, entiendan que la pobreza nos arropa y sus precios est\u00e9n altos.<\/p>\n<p>Que todo ciudadano que tenga un veh\u00edculo de motor quien se traslade a su trabajo en \u00a0una bicicleta, o a pie, haciendo referencia, de no m\u00e1s alzas a los precios de los combustibles.<\/p>\n<p>Decirles no al sistema del transporte \u201cconcho\u201d, ya que cuando sube, el combustible, sube el precio del pasaje y cuando baja se quedan igual.<\/p>\n<p>Sabemos que todos ellos son PDF (padres de familia), yo igual y tengo el mismo sueldo hace una d\u00e9cada.<\/p>\n<p>Y si del costo de la energ\u00eda el\u00e9ctrica hablamos, hay mi madre, como \u00a0dec\u00eda mi abuela \u201cah\u00ed es que la puerca retorcido el rabo\u201d, eso es como la espuma en la \u00a0cerveza sube y sube.<\/p>\n<p>Queremos buena educaci\u00f3n para nuestros hijos, pero un dilema, nos podemos pagar las altas tarifas de los colegios buenos, porque un grupito se le antoja y la educaci\u00f3n p\u00fablica es mala. Aun cuando los profesores ganan de manera decente, pero con la mente contaminada, solo por el hecho de ser sector p\u00fablico.<\/p>\n<p>&nbsp;<\/p>\n<p>Queremos aprender aqu\u00ed, vivir aqu\u00ed, que pa\u00edses desarrollados no sean centro de una visi\u00f3n a futuro, que no haya necesidad de mandar a nuestros hijos al extranjero, para una buena maestr\u00eda.<\/p>\n<p>Ciudadanos; no hay que subir un cartel diciendo lo que necesitamos, el Estado debe entender de una forma pac\u00edfica y clara que el pueblo no aguanta m\u00e1s.<\/p>\n<p>Impactos: 43<\/p>","protected":false},"excerpt":{"rendered":"<p>Por\u00a0EVELIN VALDEZ\u00a0 Un paro de labores, huelga o protesta como lo quieras llamar, desde mi perspectiva, no es quemas neum\u00e1ticos, lanzar piedras o llamar<\/p>\n","protected":false},"author":3,"featured_media":3896,"comment_status":"closed","ping_status":"closed","sticky":false,"template":"","format":"standard","meta":[],"categories":[7],"tags":[],"_links":{"self":[{"href":"https:\/\/hormigaradio.com\/index.php?rest_route=\/wp\/v2\/posts\/16048"}],"collection":[{"href":"https:\/\/hormigaradio.com\/index.php?rest_route=\/wp\/v2\/posts"}],"about":[{"href":"https:\/\/hormigaradio.com\/index.php?rest_route=\/wp\/v2\/types\/post"}],"author":[{"embeddable":true,"href":"https:\/\/hormigaradio.com\/index.php?rest_route=\/wp\/v2\/users\/3"}],"replies":[{"embeddable":true,"href":"https:\/\/hormigaradio.com\/index.php?rest_route=%2Fwp%2Fv2%2Fcomments&post=16048"}],"version-history":[{"count":2,"href":"https:\/\/hormigaradio.com\/index.php?rest_route=\/wp\/v2\/posts\/16048\/revisions"}],"predecessor-version":[{"id":16050,"href":"https:\/\/hormigaradio.com\/index.php?rest_route=\/wp\/v2\/posts\/16048\/revisions\/16050"}],"wp:featuredmedia":[{"embeddable":true,"href":"https:\/\/hormigaradio.com\/index.php?rest_route=\/wp\/v2\/media\/3896"}],"wp:attachment":[{"href":"https:\/\/hormigaradio.com\/index.php?rest_route=%2Fwp%2Fv2%2Fmedia&parent=16048"}],"wp:term":[{"taxonomy":"category","embeddable":true,"href":"https:\/\/hormigaradio.com\/index.php?rest_route=%2Fwp%2Fv2%2Fcategories&post=16048"},{"taxonomy":"post_tag","embeddable":true,"href":"https:\/\/hormigaradio.com\/index.php?rest_route=%2Fwp%2Fv2%2Ftags&post=16048"}],"curies":[{"name":"wp","href":"https:\/\/api.w.org\/{rel}","templated":true}]}}