{"id":16051,"date":"2022-04-26T02:52:56","date_gmt":"2022-04-26T02:52:56","guid":{"rendered":"http:\/\/hormigaradio.com\/?p=16051"},"modified":"2022-04-26T03:04:50","modified_gmt":"2022-04-26T03:04:50","slug":"organizadores-paro-en-el-cibao-reiteran-poblacion-apoyo-la-manifestacion","status":"publish","type":"post","link":"https:\/\/hormigaradio.com\/?p=16051","title":{"rendered":"ORGANIZADORES PARO EN EL CIBAO, REITERAN POBLACI\u00d3N APOY\u00d3 LA MANIFESTACI\u00d3N"},"content":{"rendered":"<p>Por\u00a0<a class=\"text-font font-700\" href=\"https:\/\/acento.com.do\/autor\/index.html?user_slug=mlaureano\">M\u00c1XIMO LAUREANO<\/a><\/p>\n<p>Los organizadores del\u00a0<strong>paro de labores<\/strong>\u00a0de este lunes en las\u00a0<strong>14 provincias de la regi\u00f3n norte<\/strong>\u00a0del pa\u00eds afirmaron que transcurridas las primeras 12 horas del llamado a la manifestaci\u00f3n el\u00a0<strong>apoyo a la protesta<\/strong>\u00a0se manten\u00eda.<\/p>\n<p>Raquel Altagracia Rivera Rodr\u00edguez, vocera de la C<strong>oalici\u00f3n de Organizaciones Sociales del Cibao<\/strong>, dijo que el hecho de que en una ciudad como Santiago no hubiera mucha presencia de personas en los negocios que abrieron este lunes es una muestra de la\u00a0<strong>&#8220;contundencia de la manifestaci\u00f3n&#8221;<\/strong>.<\/p>\n<picture class=\"image\"><img loading=\"lazy\" src=\"https:\/\/acentos3.s3.us-east-2.amazonaws.com\/media\/storage02\/uploads\/2022\/04\/whatsapp-image-2022-04-25-at-92549-pm-1-full-728x410.webp\" alt=\"\" width=\"1600\" height=\"1200\" \/><\/picture>\n<p>Asegur\u00f3 que el paro se extendi\u00f3 hasta las comunidades de los municipio de la sierra, espec\u00edficamente en San Jos\u00e9 de las Matas, donde se han manifestado en contra de la construcci\u00f3n del sistema de presa de Las Placetas, una demanda incluida en los reclamos que sustentan el paro de labores que vence \u00a0a las 6:00 de la ma\u00f1ana de este martes 26 de abril.<\/p>\n<p>La activista Raquel Rivera reiter\u00f3 las denuncias de represi\u00f3n por parte de los cuerpos de seguridad del Gobierno, Detall\u00f3 que alrededor de las 11:00 de la ma\u00f1ana de este lunes agentes del Estado detuvieron al dirigente Osvaldo Brito, uno de los voceros de la Coalici\u00f3n en el Cibao, a quien se\u00f1alaron como responsable de tener armas de fuegos en su poder.<\/p>\n<p>La\u00a0dirigente de la Coalici\u00f3n de Organizaciones Populares, Sociales, Feministas y Ambientalistas record\u00f3 que la huelga,\u00a0que paraliz\u00f3 la docencia y el tr\u00e1nsito en las 14 provincias cibae\u00f1as, es en demanda de alzas salariales, reducci\u00f3n de los precios de los combustibles y de los productos de la canasta familiar.<\/p>\n<p>&#8220;Estamos reclamando un pliego de demandas por la acumulaci\u00f3n de la deuda social con el pueblo&#8221;, afirm\u00f3 Rivera, al precisar que las organizaciones convocantes analizar\u00e1n lo ocurrido y decidir\u00e1n qu\u00e9 acciones tomar.<\/p>\n<p>Las organizaciones tambi\u00e9n reclaman la eliminaci\u00f3n del sistema de pensiones y de seguridad social privado y rechazan la &#8220;privatizaci\u00f3n&#8221; de la central termoel\u00e9ctrica de Punta Catalina, y se oponen a la construcci\u00f3n de la central hidroel\u00e9ctrica de Las Placetas, proyecto al sur de la ciudad de Santiago, que ser\u00e1 la mayor represa del pa\u00eds.<\/p>\n<p>Del mismo modo, exigen la terminaci\u00f3n de obras p\u00fablicas en el Cibao, tales como escuelas, hospitales y caminos vecinales.<\/p>\n<p>&#8220;Si usted se compromete con resolver algo en campa\u00f1a (electoral) y luego, cuando llega al Gobierno no lo hace, usted es muy irresponsable&#8221;, afirm\u00f3 la dirigente.<\/p>\n<p><strong>ANTES:<\/strong><\/p>\n<h1 class=\"font-700\"><a href=\"https:\/\/acento.com.do\/actualidad\/presidente-del-prm-en-santiago-culpa-al-alcalde-abel-martinez-de-patrocinar-protestas-9056786.html\">PRM en Santiago culpa al alcalde Mart\u00ednez de patrocinar protestas<\/a><\/h1>\n<p>&nbsp;<\/p>\n<h1 class=\"font-700\"><a href=\"https:\/\/acento.com.do\/actualidad\/organizadores-de-huelga-general-en-el-cibao-dicen-acogida-es-contundente-9056637.html\">Organizadores de huelga general en el Cibao dicen acogida es contundente<\/a><\/h1>\n<p>Impactos: 51<\/p>","protected":false},"excerpt":{"rendered":"<p>Por\u00a0M\u00c1XIMO LAUREANO Los organizadores del\u00a0paro de labores\u00a0de este lunes en las\u00a014 provincias de la regi\u00f3n norte\u00a0del pa\u00eds afirmaron que transcurridas las primeras 12 horas<\/p>\n","protected":false},"author":3,"featured_media":16052,"comment_status":"closed","ping_status":"closed","sticky":false,"template":"","format":"standard","meta":[],"categories":[8],"tags":[],"_links":{"self":[{"href":"https:\/\/hormigaradio.com\/index.php?rest_route=\/wp\/v2\/posts\/16051"}],"collection":[{"href":"https:\/\/hormigaradio.com\/index.php?rest_route=\/wp\/v2\/posts"}],"about":[{"href":"https:\/\/hormigaradio.com\/index.php?rest_route=\/wp\/v2\/types\/post"}],"author":[{"embeddable":true,"href":"https:\/\/hormigaradio.com\/index.php?rest_route=\/wp\/v2\/users\/3"}],"replies":[{"embeddable":true,"href":"https:\/\/hormigaradio.com\/index.php?rest_route=%2Fwp%2Fv2%2Fcomments&post=16051"}],"version-history":[{"count":3,"href":"https:\/\/hormigaradio.com\/index.php?rest_route=\/wp\/v2\/posts\/16051\/revisions"}],"predecessor-version":[{"id":16055,"href":"https:\/\/hormigaradio.com\/index.php?rest_route=\/wp\/v2\/posts\/16051\/revisions\/16055"}],"wp:featuredmedia":[{"embeddable":true,"href":"https:\/\/hormigaradio.com\/index.php?rest_route=\/wp\/v2\/media\/16052"}],"wp:attachment":[{"href":"https:\/\/hormigaradio.com\/index.php?rest_route=%2Fwp%2Fv2%2Fmedia&parent=16051"}],"wp:term":[{"taxonomy":"category","embeddable":true,"href":"https:\/\/hormigaradio.com\/index.php?rest_route=%2Fwp%2Fv2%2Fcategories&post=16051"},{"taxonomy":"post_tag","embeddable":true,"href":"https:\/\/hormigaradio.com\/index.php?rest_route=%2Fwp%2Fv2%2Ftags&post=16051"}],"curies":[{"name":"wp","href":"https:\/\/api.w.org\/{rel}","templated":true}]}}