{"id":16068,"date":"2022-04-30T03:44:28","date_gmt":"2022-04-30T03:44:28","guid":{"rendered":"http:\/\/hormigaradio.com\/?p=16068"},"modified":"2022-04-30T03:44:34","modified_gmt":"2022-04-30T03:44:34","slug":"solo-paliza-y-mejia-en-la-plancha-para-presidencia-y-secretaria-general-prm","status":"publish","type":"post","link":"https:\/\/hormigaradio.com\/?p=16068","title":{"rendered":"SOLO PALIZA Y MEJ\u00cdA EN LA &#8220;PLANCHA&#8221; PARA PRESIDENCIA Y SECRETAR\u00cdA GENERAL PRM"},"content":{"rendered":"<p>Por\u00a0<a class=\"text-font font-700\" href=\"https:\/\/acento.com.do\/autor\/index.html?user_slug=servicios\">SERVICIOS DE ACENTO.COM.DO<\/a><\/p>\n<p>El presidente del\u00a0<strong>Partido Revolucionario Moderno (PRM) Jos\u00e9 Paliza<\/strong>\u00a0y la secretaria general\u00a0<strong>Carolina Mej\u00eda<\/strong>\u00a0inscribieron sus candidaturas este jueves con el prop\u00f3sito de reelegirse en sus respectivos cargos, inform\u00f3 la\u00a0<strong>Comisi\u00f3n Nacional de Elecciones Internas<\/strong>\u00a0de esa organizaci\u00f3n.<\/p>\n<p>Las elecciones del partido oficialista se celebrar\u00e1n el 15 de mayo venidero bajo el formato de una convenci\u00f3n de delegados y la fecha para la inscripci\u00f3n de candidaturas vence hoy, precis\u00f3 un comunicado enviado por el partido.<\/p>\n<p>Los dirigentes del PRM Guido G\u00f3mez Mazara y Eddy Olivares, quienes hab\u00edan manifestado sus intenciones de presidir la formaci\u00f3n, no formalizaron sus aspiraciones.<\/p>\n<p>Olivares, incluso, forma parte de los tres vicepresidentes que present\u00f3 este jueves Paliza en su plancha.<\/p>\n<p>Paliza, ministro\u00a0<strong>Administrativo de la Presidencia<\/strong>, present\u00f3 a\u00a0<strong>Milagros Ortiz Bosch<\/strong>\u00a0como primera vicepresidenta, y a\u00a0<strong>Olivares<\/strong>\u00a0y<strong>\u00a0Nelson Arroy<\/strong>o, segundo y tercer vicepresidentes, respectivamente.<\/p>\n<p>Los estatutos del PRM establecen que los aspirantes a la presidencia y a la secretar\u00eda general deben inscribir tres candidatos a vicepresidentes y a subsecretarios.<\/p>\n<p>En el caso de Mej\u00eda, esta present\u00f3 a\u00a0<strong>Kelvin Cruz, L\u00eda Santana de D\u00edaz y Jean Luis Rodr\u00edguez<\/strong>, como primer, segunda y tercer vicepresidentes.<\/p>\n<div id=\"news-4-13\" class=\"banner-box dfp-async loaded\" data-bannerdesktop=\"true\" data-bannermobile=\"true\" data-google-query-id=\"CNWo1vruuvcCFUQTswAdmxkGUw\">\n<div id=\"google_ads_iframe_5168668\/News_Middle_02_0__container__\">Paliza dijo que asum\u00eda el compromiso p\u00fablico &#8220;ante el pa\u00eds&#8221; que de ser escogido como presidente del partido nueva vez, presentar\u00eda ante los organismos correspondientes del PRM a Eddy Olivares para designarlo en la coordinaci\u00f3n ejecutiva de la presidencia del partido.<\/div>\n<\/div>\n<p>La comisi\u00f3n revisar\u00e1 los documentos presentados y en un plazo de 24 horas decidir\u00e1 si cumplen con las ordenanzas internas del PRM<\/p>\n<p>Impactos: 28<\/p>","protected":false},"excerpt":{"rendered":"<p>Por\u00a0SERVICIOS DE ACENTO.COM.DO El presidente del\u00a0Partido Revolucionario Moderno (PRM) Jos\u00e9 Paliza\u00a0y la secretaria general\u00a0Carolina Mej\u00eda\u00a0inscribieron sus candidaturas este jueves con el prop\u00f3sito de reelegirse<\/p>\n","protected":false},"author":3,"featured_media":10290,"comment_status":"closed","ping_status":"closed","sticky":false,"template":"","format":"standard","meta":[],"categories":[6],"tags":[],"_links":{"self":[{"href":"https:\/\/hormigaradio.com\/index.php?rest_route=\/wp\/v2\/posts\/16068"}],"collection":[{"href":"https:\/\/hormigaradio.com\/index.php?rest_route=\/wp\/v2\/posts"}],"about":[{"href":"https:\/\/hormigaradio.com\/index.php?rest_route=\/wp\/v2\/types\/post"}],"author":[{"embeddable":true,"href":"https:\/\/hormigaradio.com\/index.php?rest_route=\/wp\/v2\/users\/3"}],"replies":[{"embeddable":true,"href":"https:\/\/hormigaradio.com\/index.php?rest_route=%2Fwp%2Fv2%2Fcomments&post=16068"}],"version-history":[{"count":1,"href":"https:\/\/hormigaradio.com\/index.php?rest_route=\/wp\/v2\/posts\/16068\/revisions"}],"predecessor-version":[{"id":16069,"href":"https:\/\/hormigaradio.com\/index.php?rest_route=\/wp\/v2\/posts\/16068\/revisions\/16069"}],"wp:featuredmedia":[{"embeddable":true,"href":"https:\/\/hormigaradio.com\/index.php?rest_route=\/wp\/v2\/media\/10290"}],"wp:attachment":[{"href":"https:\/\/hormigaradio.com\/index.php?rest_route=%2Fwp%2Fv2%2Fmedia&parent=16068"}],"wp:term":[{"taxonomy":"category","embeddable":true,"href":"https:\/\/hormigaradio.com\/index.php?rest_route=%2Fwp%2Fv2%2Fcategories&post=16068"},{"taxonomy":"post_tag","embeddable":true,"href":"https:\/\/hormigaradio.com\/index.php?rest_route=%2Fwp%2Fv2%2Ftags&post=16068"}],"curies":[{"name":"wp","href":"https:\/\/api.w.org\/{rel}","templated":true}]}}