{"id":16076,"date":"2022-05-01T22:24:00","date_gmt":"2022-05-01T22:24:00","guid":{"rendered":"http:\/\/hormigaradio.com\/?p=16076"},"modified":"2022-05-01T22:27:08","modified_gmt":"2022-05-01T22:27:08","slug":"exponente-de-expresion-urbana-rochy-rd-a-prision-por-tres-meses-por-presunta-violacion-sexual-a-una-adolescente","status":"publish","type":"post","link":"https:\/\/hormigaradio.com\/?p=16076","title":{"rendered":"EXPONENTE DE EXPRESI\u00d3N URBANA ROCHY RD A PRISI\u00d3N POR  TRES MESES POR PRESUNTA VIOLACI\u00d3N SEXUAL  A  UNA ADOLESCENTE"},"content":{"rendered":"<p>Por\u00a0<a class=\"text-font font-700\" href=\"https:\/\/acento.com.do\/autor\/index.html?user_slug=servicios\">SERVICIOS DE ACENTO.COM.DO<\/a><\/p>\n<p>La Oficina de Servicios de Atenci\u00f3n Permanente en Santo Domingo Este impuso tres meses de prisi\u00f3n preventiva como medida de coerci\u00f3n contra\u00a0<strong>Aderly Ram\u00edrez Oviedo<\/strong>, mejor conocido como\u00a0<strong>Rochy RD<\/strong>.<\/p>\n<p>El urbano est\u00e1 siendo acusado de agredir sexualmente a una menor de 16 a\u00f1os, seg\u00fan el expediente del Ministerio P\u00fablico.<\/p>\n<p>Asimismo las autoridades informaron que investigan una presunta red de prostituci\u00f3n infantil vinculada al artista, donde tambi\u00e9n se se\u00f1ala a su pareja\u00a0<strong>Steicy Pe\u00f1a alias La Demente<\/strong>, como &#8220;c\u00f3mplice&#8221;.<\/p>\n<p>La medida cautelar deber\u00e1 ser cumplida en la\u00a0<strong>Penitenciaria Nacional La Victoria<\/strong>.<\/p>\n<p>A su llegada a la Fiscal\u00eda de Santo Domingo,\u00a0<strong>Rochy RD<\/strong>\u00a0dijo que &#8220;todo el mundo sabe que soy inocente&#8221;.\u00a0 Aunque la madre de la menor desestim\u00f3 la querella, el Ministerio P\u00fablico prosigui\u00f3 con el caso.<\/p>\n<p>Decenas de personas acudieron a la Fiscal\u00eda para apoyar al artista urbano. Muchos de los presentes all\u00ed describieron al imputado como una &#8220;persona de bien, que ayuda a los dem\u00e1s&#8221; y que &#8220;estaban cometiendo un error con \u00e9l&#8221;<\/p>\n<p>Impactos: 79<\/p>","protected":false},"excerpt":{"rendered":"<p>Por\u00a0SERVICIOS DE ACENTO.COM.DO La Oficina de Servicios de Atenci\u00f3n Permanente en Santo Domingo Este impuso tres meses de prisi\u00f3n preventiva como medida de coerci\u00f3n<\/p>\n","protected":false},"author":3,"featured_media":16079,"comment_status":"closed","ping_status":"closed","sticky":false,"template":"","format":"standard","meta":[],"categories":[3],"tags":[],"_links":{"self":[{"href":"https:\/\/hormigaradio.com\/index.php?rest_route=\/wp\/v2\/posts\/16076"}],"collection":[{"href":"https:\/\/hormigaradio.com\/index.php?rest_route=\/wp\/v2\/posts"}],"about":[{"href":"https:\/\/hormigaradio.com\/index.php?rest_route=\/wp\/v2\/types\/post"}],"author":[{"embeddable":true,"href":"https:\/\/hormigaradio.com\/index.php?rest_route=\/wp\/v2\/users\/3"}],"replies":[{"embeddable":true,"href":"https:\/\/hormigaradio.com\/index.php?rest_route=%2Fwp%2Fv2%2Fcomments&post=16076"}],"version-history":[{"count":3,"href":"https:\/\/hormigaradio.com\/index.php?rest_route=\/wp\/v2\/posts\/16076\/revisions"}],"predecessor-version":[{"id":16080,"href":"https:\/\/hormigaradio.com\/index.php?rest_route=\/wp\/v2\/posts\/16076\/revisions\/16080"}],"wp:featuredmedia":[{"embeddable":true,"href":"https:\/\/hormigaradio.com\/index.php?rest_route=\/wp\/v2\/media\/16079"}],"wp:attachment":[{"href":"https:\/\/hormigaradio.com\/index.php?rest_route=%2Fwp%2Fv2%2Fmedia&parent=16076"}],"wp:term":[{"taxonomy":"category","embeddable":true,"href":"https:\/\/hormigaradio.com\/index.php?rest_route=%2Fwp%2Fv2%2Fcategories&post=16076"},{"taxonomy":"post_tag","embeddable":true,"href":"https:\/\/hormigaradio.com\/index.php?rest_route=%2Fwp%2Fv2%2Ftags&post=16076"}],"curies":[{"name":"wp","href":"https:\/\/api.w.org\/{rel}","templated":true}]}}