{"id":16081,"date":"2022-05-01T22:39:38","date_gmt":"2022-05-01T22:39:38","guid":{"rendered":"http:\/\/hormigaradio.com\/?p=16081"},"modified":"2022-05-01T22:44:32","modified_gmt":"2022-05-01T22:44:32","slug":"rechazan-poner-nombre-de-balaguer-al-teleferico-de-puerto-plata","status":"publish","type":"post","link":"https:\/\/hormigaradio.com\/?p=16081","title":{"rendered":"RECHAZAN PONER NOMBRE DE BALAGUER AL TELEF\u00c9RICO DE PUERTO PLATA"},"content":{"rendered":"<p>Por\u00a0<a class=\"text-font font-700\" href=\"https:\/\/acento.com.do\/autor\/index.html?user_slug=servicios\">SERVICIOS DE ACENTO.COM.DO<\/a><\/p>\n<p>Un grupo de personalidades, que incluye a parientes de las v\u00edctimas de los asesinatos pol\u00edticos cometidos durante los gobiernos de Joaqu\u00edn Balaguer y\u00a0 la tiran\u00eda trujillista, expres\u00f3 su rechazo a que el telef\u00e9rico de Puerto Plata sea nombrado Joaqu\u00edn Balaguer.<\/p>\n<p>En una carta enviada a los diputados Pedro Mart\u00ednez, Juan Dionisio Rodr\u00edguez Restituyo, Tonty Rutinel Dom\u00ednguez, Jos\u00e9 Horacio Rodr\u00edguez y Julito Fulcar,\u00a0 expres\u00e1 su sopresa porque el Senado de la Rep\u00fablica aprob\u00f3 un proyecto que bautiza como &#8220;Doctor Joaqu\u00edn Balaguer&#8221; al telef\u00e9rico de Puerto Plata.<\/p>\n<p>Solicitan a los citados diputados que rechacen lo que denominan &#8220;infortunada acci\u00f3n&#8221; de los senadores.<\/p>\n<p>Resaltan que Balaguer, adem\u00e1s de ser un servil del dictador Rafael Trujillo, durante m\u00e1s de 30 a\u00f1os, luego instaur\u00f3 su propio r\u00e9gimen represivo, que cost\u00f3 la vida a valiosos j\u00f3venes, incluso a destacados intelectuales.<\/p>\n<p>Asimismo, se\u00f1alan que Balaguer, adem\u00e1s de la represi\u00f3n, se vali\u00f3 de los fraudes para permanecer en el poder durante 22 a\u00f1os.<\/p>\n<p>&#8220;Bastante hiriente resulta ya que un aeropuerto y una carretera del pa\u00eds hayan sido bautizados con el nombre de este ex presidente. Nunca se podr\u00e1 catalogar de \u201cestadista\u201d y mucho menos de \u201cpadre de la democracia dominicana\u201d, como han pretendido algunos, a quien encabez\u00f3 un r\u00e9gimen en el que sus oponentes eran encarcelados, torturados, exiliados y hasta asesinados&#8221;, subrayaron.<\/p>\n<p>A continuaci\u00f3n la carta y una parte de las firmas de los solicitantes, entre las cuales se encuentra la viuda, los hijos y hermanos de<strong>\u00a0Am\u00edn Abel Hasb\u00fan<\/strong>, uno de los j\u00f3venes asesinados durante los gobiernos de los 12 a\u00f1os de Balaguer. Asimismo,\u00a0<strong>Carmen Mazara<\/strong>, viuda de\u00a0<strong>Maximiliano G\u00f3mez (El Moreno)<\/strong>, entre otras personalidades.<\/p>\n<div id=\"news-4-13\" class=\"banner-box dfp-async loaded\" data-bannerdesktop=\"true\" data-bannermobile=\"true\" data-google-query-id=\"CPfjsMquv_cCFWwbwQod4rgNlQ\">\n<div id=\"google_ads_iframe_5168668\/News_Middle_02_0__container__\">Santo Domingo<\/div>\n<\/div>\n<p>26 de abril de 2022<\/p>\n<p><strong>Pedro Mart\u00ednez<\/strong><\/p>\n<p><strong>Juan Dionisio Restituyo<\/strong><\/p>\n<p><strong>Tonty Rutinel Dom\u00ednguez<\/strong><\/p>\n<p><strong>Jos\u00e9 Horacio Rodr\u00edguez<\/strong><\/p>\n<p><strong>Julito Fulcar<\/strong><\/p>\n<p>Honorables Diputados<\/p>\n<p>Distinguidos congresistas:<\/p>\n<p>Todav\u00eda at\u00f3nitos al enterarnos de que el Senado de la Rep\u00fablica aprob\u00f3 otorgarle el nombre \u201cDoctor Joaqu\u00edn Balaguer\u201d al telef\u00e9rico de Puerto Plata, nos dirigimos a ustedes, y a todos los dem\u00e1s miembros de esa Instituci\u00f3n, para solicitarles, con el debido respeto, el rechazo a tan infortunada acci\u00f3n.<\/p>\n<p>No ser\u00e1 jam\u00e1s merecedor de recibir esta ni otra distinci\u00f3n oficial, quien fuera el m\u00e1s fiel y cercano colaborador de uno de los m\u00e1s crueles tiranos que pueblo alguno haya tenido; el que, como gobernante, despoj\u00f3 de los m\u00e1s elementales principios de la joven democracia que con mucho sacrificio se hab\u00edan dado los dominicanos, instaurando, por el contrario, un sangriento r\u00e9gimen que cost\u00f3 la vida a cientos de compatriotas en su mayor\u00eda j\u00f3venes con altos valores morales e intelectuales; quien se mantuvo por 22 largos a\u00f1os en la primera magistratura del Estado apoyado por organizaciones de fuerza, a trav\u00e9s de la realizaci\u00f3n de montajes electorales en los que el terror y el fraude le daban la victoria; el que ejerci\u00f3 un mandato basado en la Pol\u00edtica de Varilla y Cemento, ya obsoleta para la \u00e9poca, dejando totalmente de lado la inversi\u00f3n en la salud y la educaci\u00f3n de la gente, y, adem\u00e1s, aniquilando todo vestigio de sagrada Justicia.<\/p>\n<p>Bastante hiriente resulta ya que un aeropuerto y una carretera del pa\u00eds hayan sido bautizados con el nombre de este ex presidente. Nunca se podr\u00e1 catalogar de \u201cestadista\u201d y mucho menos de \u201cpadre de la democracia dominicana\u201d, como han pretendido algunos, a quien encabez\u00f3 un r\u00e9gimen en el que sus oponentes eran encarcelados, torturados, exiliados y hasta asesinados.<\/p>\n<p>Por respeto a la memoria de los muchos m\u00e1rtires dominicanos del sangriento per\u00edodo de los 12 a\u00f1os, as\u00ed como a la de los que hubo en los \u00faltimos 10, decimos \u00a1NO! a que el telef\u00e9rico de Puerto Plata lleve el nombre de Joaqu\u00edn Balaguer.<\/p>\n<p>\u201cPueblo que olvida su historia tiende a repetirla\u201d.<\/p>\n<picture class=\"image\"><img loading=\"lazy\" src=\"https:\/\/acentos3.s3.us-east-2.amazonaws.com\/media\/storage02\/uploads\/2022\/04\/firmas-a-full-728x410.webp\" alt=\"\" width=\"1536\" height=\"2048\" \/><\/picture><picture class=\"image\"><img loading=\"lazy\" src=\"https:\/\/acentos3.s3.us-east-2.amazonaws.com\/media\/storage02\/uploads\/2022\/04\/firmas-b-full-728x410.webp\" alt=\"\" width=\"1172\" height=\"1446\" \/><\/picture><picture class=\"image\"><img loading=\"lazy\" src=\"https:\/\/acentos3.s3.us-east-2.amazonaws.com\/media\/storage02\/uploads\/2022\/04\/firmas-c-full-728x410.webp\" alt=\"\" width=\"1308\" height=\"1682\" \/><\/picture><picture class=\"image\"><img loading=\"lazy\" src=\"https:\/\/acentos3.s3.us-east-2.amazonaws.com\/media\/storage02\/uploads\/2022\/04\/firmas-d-full-728x410.webp\" alt=\"\" width=\"1312\" height=\"1622\" \/><\/picture><picture class=\"image\"><img loading=\"lazy\" src=\"https:\/\/acentos3.s3.us-east-2.amazonaws.com\/media\/storage02\/uploads\/2022\/04\/firmas-e-full-728x410.webp\" alt=\"\" width=\"1214\" height=\"1624\" \/><\/picture><picture class=\"image\"><img loading=\"lazy\" src=\"https:\/\/acentos3.s3.us-east-2.amazonaws.com\/media\/storage02\/uploads\/2022\/04\/firmas-f-full-728x410.webp\" alt=\"\" width=\"1236\" height=\"1634\" \/><\/picture><picture class=\"image\"><img loading=\"lazy\" src=\"https:\/\/acentos3.s3.us-east-2.amazonaws.com\/media\/storage02\/uploads\/2022\/04\/firmas-g-full-728x410.webp\" alt=\"\" width=\"1202\" height=\"1668\" \/><\/picture><picture class=\"image\"><img loading=\"lazy\" src=\"https:\/\/acentos3.s3.us-east-2.amazonaws.com\/media\/storage02\/uploads\/2022\/04\/firmas-h-full-728x410.webp\" alt=\"\" width=\"1411\" height=\"1754\" \/><\/picture><picture class=\"image\"><img loading=\"lazy\" src=\"https:\/\/acentos3.s3.us-east-2.amazonaws.com\/media\/storage02\/uploads\/2022\/04\/firmas-i-full-728x410.webp\" alt=\"\" width=\"2726\" height=\"3473\" \/><\/picture>\n<p><strong>\u00a0<\/strong><\/p>\n<p>Impactos: 39<\/p>","protected":false},"excerpt":{"rendered":"<p>Por\u00a0SERVICIOS DE ACENTO.COM.DO Un grupo de personalidades, que incluye a parientes de las v\u00edctimas de los asesinatos pol\u00edticos cometidos durante los gobiernos de Joaqu\u00edn<\/p>\n","protected":false},"author":3,"featured_media":16083,"comment_status":"closed","ping_status":"closed","sticky":false,"template":"","format":"standard","meta":[],"categories":[3],"tags":[],"_links":{"self":[{"href":"https:\/\/hormigaradio.com\/index.php?rest_route=\/wp\/v2\/posts\/16081"}],"collection":[{"href":"https:\/\/hormigaradio.com\/index.php?rest_route=\/wp\/v2\/posts"}],"about":[{"href":"https:\/\/hormigaradio.com\/index.php?rest_route=\/wp\/v2\/types\/post"}],"author":[{"embeddable":true,"href":"https:\/\/hormigaradio.com\/index.php?rest_route=\/wp\/v2\/users\/3"}],"replies":[{"embeddable":true,"href":"https:\/\/hormigaradio.com\/index.php?rest_route=%2Fwp%2Fv2%2Fcomments&post=16081"}],"version-history":[{"count":1,"href":"https:\/\/hormigaradio.com\/index.php?rest_route=\/wp\/v2\/posts\/16081\/revisions"}],"predecessor-version":[{"id":16082,"href":"https:\/\/hormigaradio.com\/index.php?rest_route=\/wp\/v2\/posts\/16081\/revisions\/16082"}],"wp:featuredmedia":[{"embeddable":true,"href":"https:\/\/hormigaradio.com\/index.php?rest_route=\/wp\/v2\/media\/16083"}],"wp:attachment":[{"href":"https:\/\/hormigaradio.com\/index.php?rest_route=%2Fwp%2Fv2%2Fmedia&parent=16081"}],"wp:term":[{"taxonomy":"category","embeddable":true,"href":"https:\/\/hormigaradio.com\/index.php?rest_route=%2Fwp%2Fv2%2Fcategories&post=16081"},{"taxonomy":"post_tag","embeddable":true,"href":"https:\/\/hormigaradio.com\/index.php?rest_route=%2Fwp%2Fv2%2Ftags&post=16081"}],"curies":[{"name":"wp","href":"https:\/\/api.w.org\/{rel}","templated":true}]}}