{"id":16090,"date":"2022-05-03T19:14:47","date_gmt":"2022-05-03T19:14:47","guid":{"rendered":"http:\/\/hormigaradio.com\/?p=16090"},"modified":"2022-05-03T19:15:47","modified_gmt":"2022-05-03T19:15:47","slug":"procuradora-instruye-coordine-las-investigaciones-sobre-muertes-en-cuarteles-policiales","status":"publish","type":"post","link":"https:\/\/hormigaradio.com\/?p=16090","title":{"rendered":"PROCURADORA INSTRUYE COORDINE LAS INVESTIGACIONES SOBRE MUERTES EN CUARTELES POLICIALES"},"content":{"rendered":"<p><a href=\"http:\/\/hormigaradio.com\/wp-content\/uploads\/2022\/01\/FIRMA-para-Hormiga-Radio.jpeg\"><img loading=\"lazy\" class=\"alignleft wp-image-15152\" src=\"http:\/\/hormigaradio.com\/wp-content\/uploads\/2022\/01\/FIRMA-para-Hormiga-Radio.jpeg\" alt=\"\" width=\"76\" height=\"40\" \/><\/a><\/p>\n<p>&nbsp;<\/p>\n<p>La procuradora general, Miriam Germ\u00e1n Brito, instruy\u00f3 a la Direcci\u00f3n General de Persecuci\u00f3n del Ministerio P\u00fablico para que coordine con las fiscal\u00edas competentes las investigaciones de los casos de ciudadanos que han perdido la vida despu\u00e9s de estar retenidos en cuarteles policiales.<\/p>\n<p>Durante una reuni\u00f3n de trabajo con la titular de la Direcci\u00f3n General de Persecuci\u00f3n, la procuradora adjunta Yeni Berenice Reynoso, la magistrada Germ\u00e1n Brito plante\u00f3 que, si alguno de los casos lo requiere, fortalezca los equipos de fiscales que investigan cada hecho en la jurisdicci\u00f3n correspondiente.<\/p>\n<p>\u201cComo a todos en nuestra sociedad, esta situaci\u00f3n nos genera un gran dolor, porque se trata de hechos que causan indignaci\u00f3n, dolor y verg\u00fcenza\u201d, explic\u00f3 Germ\u00e1n Brito tras sostener una reuni\u00f3n con Reynoso.<\/p>\n<p>\u201cEntendemos perfectamente \u2014dijo\u2014 la indignaci\u00f3n de la sociedad. Estamos a la espera de los resultados de investigaciones que est\u00e1n en curso en las distintas jurisdicciones del pa\u00eds. Hemos instruido a la Direcci\u00f3n General de Persecuci\u00f3n del Ministerio P\u00fablico para que fortalezca las investigaciones de estos casos en los cuales se avizora un cierto patr\u00f3n de conducta que no podemos permitir\u201d.<\/p>\n<p>Germ\u00e1n Brito record\u00f3 que el Ministerio P\u00fablico mantiene el firme compromiso de asegurar que estos casos que apuntan a posibles violaciones de Derechos Humanos y a posible brutalidad de la autoridad policial se investiguen, siempre con la responsabilidad y objetividad que amerita cada caso, para someter a la justicia a los responsables de los hechos sin importar qui\u00e9n sea el responsable.<\/p>\n<p>Impactos: 27<\/p>","protected":false},"excerpt":{"rendered":"<p>&nbsp; La procuradora general, Miriam Germ\u00e1n Brito, instruy\u00f3 a la Direcci\u00f3n General de Persecuci\u00f3n del Ministerio P\u00fablico para que coordine con las fiscal\u00edas competentes<\/p>\n","protected":false},"author":3,"featured_media":10666,"comment_status":"closed","ping_status":"closed","sticky":false,"template":"","format":"standard","meta":[],"categories":[3],"tags":[],"_links":{"self":[{"href":"https:\/\/hormigaradio.com\/index.php?rest_route=\/wp\/v2\/posts\/16090"}],"collection":[{"href":"https:\/\/hormigaradio.com\/index.php?rest_route=\/wp\/v2\/posts"}],"about":[{"href":"https:\/\/hormigaradio.com\/index.php?rest_route=\/wp\/v2\/types\/post"}],"author":[{"embeddable":true,"href":"https:\/\/hormigaradio.com\/index.php?rest_route=\/wp\/v2\/users\/3"}],"replies":[{"embeddable":true,"href":"https:\/\/hormigaradio.com\/index.php?rest_route=%2Fwp%2Fv2%2Fcomments&post=16090"}],"version-history":[{"count":1,"href":"https:\/\/hormigaradio.com\/index.php?rest_route=\/wp\/v2\/posts\/16090\/revisions"}],"predecessor-version":[{"id":16091,"href":"https:\/\/hormigaradio.com\/index.php?rest_route=\/wp\/v2\/posts\/16090\/revisions\/16091"}],"wp:featuredmedia":[{"embeddable":true,"href":"https:\/\/hormigaradio.com\/index.php?rest_route=\/wp\/v2\/media\/10666"}],"wp:attachment":[{"href":"https:\/\/hormigaradio.com\/index.php?rest_route=%2Fwp%2Fv2%2Fmedia&parent=16090"}],"wp:term":[{"taxonomy":"category","embeddable":true,"href":"https:\/\/hormigaradio.com\/index.php?rest_route=%2Fwp%2Fv2%2Fcategories&post=16090"},{"taxonomy":"post_tag","embeddable":true,"href":"https:\/\/hormigaradio.com\/index.php?rest_route=%2Fwp%2Fv2%2Ftags&post=16090"}],"curies":[{"name":"wp","href":"https:\/\/api.w.org\/{rel}","templated":true}]}}