{"id":16113,"date":"2022-05-05T04:26:21","date_gmt":"2022-05-05T04:26:21","guid":{"rendered":"https:\/\/hormigaradio.com\/?p=16113"},"modified":"2022-05-05T04:26:30","modified_gmt":"2022-05-05T04:26:30","slug":"trasladan-a-rochy-rd-a-najayo-hombres","status":"publish","type":"post","link":"https:\/\/hormigaradio.com\/?p=16113","title":{"rendered":"TRASLADAN A ROCHY RD A NAJAYO HOMBRES"},"content":{"rendered":"<p>Por\u00a0<a class=\"text-font font-700\" href=\"https:\/\/acento.com.do\/autor\/index.html?user_slug=servicios\">SERVICIOS DE ACENTO.COM.DO<\/a><\/p>\n<p><span lang=\"ES\">Las autoridades penitenciarias trasladaron al privado de libertad\u00a0<strong>Aderly Ram\u00edrez Oviedo (Rochy RD)<\/strong>\u00a0hacia el Centro de Correcci\u00f3n y Rehabilitaci\u00f3n\u00a0<strong>Najayo Hombres, ubicado en San Crist\u00f3bal,<\/strong>para que cumpla ah\u00ed la\u00a0 medida de coerci\u00f3n que le impuso la Justicia bajo la<strong>\u00a0acusaci\u00f3n de abusar sexualmente de una menor de edad.<\/strong><u><\/u><u><\/u><\/span><\/p>\n<p><span lang=\"ES\">La\u00a0<strong>Direcci\u00f3n General de Servicios Penitenciarios y Correccionales (DGSPC)<\/strong>, que encabeza Roberto Hern\u00e1ndez Basilio, explic\u00f3 que\u00a0<strong>el traslado del privado de libertad sigue las debidas medidas aplicadas por los centros reformados<\/strong>\u00a0en su \u201cProtocolo para la Clasificaci\u00f3n, Manejo y Vigilancia de Privados de Libertad de M\u00e1xima Seguridad y Alta Notoriedad\u201d.<u><\/u><u><\/u><\/span><\/p>\n<p><span lang=\"ES\">La DGSPC comunic\u00f3 a la coordinaci\u00f3n de la Oficina Judicial de Servicios de Atenci\u00f3n Permanente de Santo Domingo Este las razones objetivas, incluso de log\u00edsticas, que debe ponderar el sistema de justicia en este caso y que llevan al sistema penitenciario a trasladar al privado de libertad a un centro reformado ubicado en la jurisdicci\u00f3n vecina a la de la provincia Santo Domingo.<u><\/u><u><\/u><\/span><\/p>\n<p>Inicialmente se fij\u00f3 la\u00a0<strong>c\u00e1rcel de La Victoria<\/strong>,\u00a0donde el artista ya estuvo preso hace diez a\u00f1os, en 2012, acusado de cometer delitos de alta tecnolog\u00eda.<\/p>\n<p><span lang=\"ES\">El traslado administrativo se ampara en las facultades que otorga a las autoridades la Ley 113-21, del 20 de abril de 2021, que regula el Sistema Penitenciario y Correccional en la Rep\u00fablica Dominicana.<\/span><\/p>\n<p>Impactos: 27<\/p>","protected":false},"excerpt":{"rendered":"<p>Por\u00a0SERVICIOS DE ACENTO.COM.DO Las autoridades penitenciarias trasladaron al privado de libertad\u00a0Aderly Ram\u00edrez Oviedo (Rochy RD)\u00a0hacia el Centro de Correcci\u00f3n y Rehabilitaci\u00f3n\u00a0Najayo Hombres, ubicado en<\/p>\n","protected":false},"author":3,"featured_media":16079,"comment_status":"closed","ping_status":"closed","sticky":false,"template":"","format":"standard","meta":[],"categories":[3],"tags":[],"_links":{"self":[{"href":"https:\/\/hormigaradio.com\/index.php?rest_route=\/wp\/v2\/posts\/16113"}],"collection":[{"href":"https:\/\/hormigaradio.com\/index.php?rest_route=\/wp\/v2\/posts"}],"about":[{"href":"https:\/\/hormigaradio.com\/index.php?rest_route=\/wp\/v2\/types\/post"}],"author":[{"embeddable":true,"href":"https:\/\/hormigaradio.com\/index.php?rest_route=\/wp\/v2\/users\/3"}],"replies":[{"embeddable":true,"href":"https:\/\/hormigaradio.com\/index.php?rest_route=%2Fwp%2Fv2%2Fcomments&post=16113"}],"version-history":[{"count":1,"href":"https:\/\/hormigaradio.com\/index.php?rest_route=\/wp\/v2\/posts\/16113\/revisions"}],"predecessor-version":[{"id":16114,"href":"https:\/\/hormigaradio.com\/index.php?rest_route=\/wp\/v2\/posts\/16113\/revisions\/16114"}],"wp:featuredmedia":[{"embeddable":true,"href":"https:\/\/hormigaradio.com\/index.php?rest_route=\/wp\/v2\/media\/16079"}],"wp:attachment":[{"href":"https:\/\/hormigaradio.com\/index.php?rest_route=%2Fwp%2Fv2%2Fmedia&parent=16113"}],"wp:term":[{"taxonomy":"category","embeddable":true,"href":"https:\/\/hormigaradio.com\/index.php?rest_route=%2Fwp%2Fv2%2Fcategories&post=16113"},{"taxonomy":"post_tag","embeddable":true,"href":"https:\/\/hormigaradio.com\/index.php?rest_route=%2Fwp%2Fv2%2Ftags&post=16113"}],"curies":[{"name":"wp","href":"https:\/\/api.w.org\/{rel}","templated":true}]}}