{"id":16121,"date":"2022-05-05T21:56:15","date_gmt":"2022-05-05T21:56:15","guid":{"rendered":"https:\/\/hormigaradio.com\/?p=16121"},"modified":"2022-05-05T22:02:26","modified_gmt":"2022-05-05T22:02:26","slug":"reclamo-de-dinero-habria-detonado-paliza-a-barbero-en-santiago-video","status":"publish","type":"post","link":"https:\/\/hormigaradio.com\/?p=16121","title":{"rendered":"RECLAMO DE DINERO HABR\u00cdA DETONADO PALIZA A BARBERO EN SANTIAGO (v\u00eddeo)"},"content":{"rendered":"<p>Por\u00a0<a class=\"text-font font-700\" href=\"https:\/\/acento.com.do\/autor\/index.html?user_slug=mlaureano\">M\u00c1XIMO LAUREANO<\/a><\/p>\n<p>Solo la pena m\u00e1xima de 30 a\u00f1os de prisi\u00f3n dejar\u00eda conformes a los familiares y allegados de\u00a0<strong>Richard Rafael B\u00e1ez<\/strong>, ante lo irremediable de su muerte, tras ser apresado por patrulleros que lo habr\u00edan golpeado en la sede de un destacamento en Santiago Oeste\u00a0<strong>(Cienfuegos).<\/strong><\/p>\n<p>En medio de un drama de dolor e impotencia, los deudos del joven comerciante y prestamista acudieron a la sede del\u00a0<strong>Palacio de Justicia<\/strong>\u00a0para exigir que se aclare el hecho, se identifique a los agentes policiales responsables y que estos sean sometidos.<\/p>\n<p>Entre palabras de fe, narraron las atrocidades cometidas contra su pariente. Asimismo, pusieron en duda que,\u00a0a un mes del fallecimiento del joven, las autoridades hayan avanzado en las investigaciones.<\/p>\n<p>En relaci\u00f3n al caso, la\u00a0<strong>Polic\u00eda Nacional<\/strong>\u00a0y el\u00a0<strong>Ministerio P\u00fablico<\/strong>\u00a0mantienen en el anonimato los nombres de los patrulleros involucrados, aunque a voces se escucha el nombre del capit\u00e1n Aquino como principal responsable de lo ocurrido.<\/p>\n<p><iframe loading=\"lazy\" src=\"https:\/\/player.vimeo.com\/video\/706686555?h=5d074ce4a5&amp;color=ef0000\" width=\"640\" height=\"800\" frameborder=\"0\" allowfullscreen=\"allowfullscreen\" data-mce-fragment=\"1\"><\/iframe><\/p>\n<p>Tambi\u00e9n circula la versi\u00f3n de que el hecho pudo haber sido causado por el temor de los agentes policiales a que se revelen informaciones de su participaci\u00f3n en presuntos negocios turbios.<\/p>\n<p>Pero, ni una cosa ni la otra. No hay una justificaci\u00f3n ni explicaci\u00f3n para la acci\u00f3n policial y el apresamiento del joven Richard B\u00e1ez, quien muri\u00f3 en el\u00a0<strong>Hospital Jos\u00e9 Mar\u00eda Cabral<\/strong>\u00a0<strong>y B\u00e1ez<\/strong>, el pasado 5 de abril, 15 d\u00edas despu\u00e9s de su apresamiento.<\/p>\n<div id=\"news-4-13\" class=\"banner-box dfp-async loaded\" data-bannerdesktop=\"true\" data-bannermobile=\"true\" data-google-query-id=\"CLriv5SsyfcCFcM2wQodxSQBTQ\">\n<div id=\"google_ads_iframe_5168668\/News_Middle_02_0__container__\">\u201cLo que podemos decir de ese caso que es que est\u00e1 en investigaci\u00f3n\u201d, es la frase que se repite diariamente en la sede de la Direcci\u00f3n Regional Cibao Central de la Polic\u00eda Nacional, donde tambi\u00e9n guardan silencio en relaci\u00f3n a otros casos recientes, sobre los cuales, el general de brigada <strong>Ernesto Rodr\u00edguez<\/strong>, director de la Polic\u00eda Nacional en Santiago, asegura se trabaja en los mismos.<\/div>\n<\/div>\n<p>Con las exigencias de que se aclare el caso, en la explanada del Palacio de Justicia, los familiares y allegados de Richard B\u00e1ez lamentan su muerte y resaltan las bondades del joven que, el mes pasado, cumpli\u00f3 29 a\u00f1os.<\/p>\n<p>Richard &#8211; narraron sus familiares &#8211; sumaba 15 a\u00f1os en el local de la calle 9, esquina Peatonal O, donde administraba una peque\u00f1a tienda de ropa y cosm\u00e9ticos, actividad que combinaba con sus labores en una peluquer\u00eda\/barber\u00eda, en el barrio El Semillero I, del distrito municipal Santiago Oeste.<\/p>\n<p>\u201cRichita\u201d, como le dec\u00edan allegados, aprendi\u00f3 el oficio de peluquero en B\u00e1varo, provincia La Altagracia, cuando acompa\u00f1aba a su padre Rafael S\u00e1nchez Jim\u00e9nez, que trabajaba construcci\u00f3n en la zona tur\u00edstica.<\/p>\n<picture class=\"image\"><img loading=\"lazy\" src=\"https:\/\/acentos3.s3.us-east-2.amazonaws.com\/media\/storage02\/uploads\/2022\/05\/reclamo-de-dinero-habria-detonado-paliza-a-barbero-en-santiago-3-full-728x410.webp\" alt=\"\" width=\"2992\" height=\"2000\" \/><\/picture>\n<p>\u201cYo me lo llev\u00e9 para B\u00e1varo, pero, vi que \u00e9l no iba a dar para eso de la construcci\u00f3n y le ped\u00ed a un amigo que ten\u00eda una peluquer\u00eda que le permitiera estar all\u00ed para que aprendiera\u201d, afirm\u00f3 su padre, quien agrega que su hijo era un muchacho bueno, acostumbrado al trabajo.<\/p>\n<p>\u201cYo estoy aqu\u00ed ahora, pero estoy como muerta en vida, porque el d\u00eda que \u00e9l muri\u00f3 yo mor\u00ed con \u00e9l, porque eso fue un asesinato, lo que cometieron con mi hijo\u201d, se lamenta su madre,\u00a0<strong>Santa B\u00e1ez<\/strong>, quien adem\u00e1s alega, que los agentes policiales,\u00a0<strong>actuaron para quedarse con el dinero<\/strong>\u00a0que su hijo ten\u00eda de los negocios.<\/p>\n<p>\u201cMi hijo, no era un delincuente, mi hijo era un barbero, era un prestamista. Ten\u00eda su tienda y ellos (los polic\u00edas), sab\u00edan que \u00e9l manejaba ese dinero ( RD$ 30 mil), porque esos polic\u00edas iban a la peluquer\u00eda a pelarse gratis y tomar dinero prestado\u201d, afirma B\u00e1ez.<\/p>\n<figure id=\"attachment_16125\" aria-describedby=\"caption-attachment-16125\" style=\"width: 715px\" class=\"wp-caption alignleft\"><a href=\"http:\/\/hormigaradio.com\/wp-content\/uploads\/2022\/05\/WhatsApp-Image-2022-05-05-at-4.58.28-PM.jpeg\"><img loading=\"lazy\" class=\"wp-image-16125 size-large\" src=\"http:\/\/hormigaradio.com\/wp-content\/uploads\/2022\/05\/WhatsApp-Image-2022-05-05-at-4.58.28-PM-1024x684.jpeg\" alt=\"\" width=\"715\" height=\"478\" srcset=\"https:\/\/hormigaradio.com\/wp-content\/uploads\/2022\/05\/WhatsApp-Image-2022-05-05-at-4.58.28-PM-1024x684.jpeg 1024w, https:\/\/hormigaradio.com\/wp-content\/uploads\/2022\/05\/WhatsApp-Image-2022-05-05-at-4.58.28-PM-300x200.jpeg 300w, https:\/\/hormigaradio.com\/wp-content\/uploads\/2022\/05\/WhatsApp-Image-2022-05-05-at-4.58.28-PM-768x513.jpeg 768w, https:\/\/hormigaradio.com\/wp-content\/uploads\/2022\/05\/WhatsApp-Image-2022-05-05-at-4.58.28-PM.jpeg 1280w\" sizes=\"(max-width: 715px) 100vw, 715px\" \/><\/a><figcaption id=\"caption-attachment-16125\" class=\"wp-caption-text\"><em><strong>Santa B\u00e1ez, madre del joven fallecido.<\/strong><\/em><\/figcaption><\/figure>\n<h2>Quer\u00edan el dinero<\/h2>\n<p>La teor\u00eda del dinero como posible detonante del apresamiento y golpiza que provocaron la muerte de\u00a0<strong>Richard B\u00e1ez<\/strong>, fue relatado por\u00a0<strong>Mar\u00eda Dur\u00e1n<\/strong>, una joven que era la pareja del peluquero. Mar\u00eda est\u00e1 a punto de dar a luz el cuarto hijo de\u00a0<strong>Richard<\/strong>, quien, de una relaci\u00f3n anterior, ya ten\u00eda tres hijos de nueve, seis y tres a\u00f1os de edad.<\/p>\n<p>Seg\u00fan Mar\u00eda, la golpiza a su marido vino luego que ella reclam\u00f3 a los agentes policiales unos RD$ 30 mil que este ten\u00eda cuando fue apresado.<\/p>\n<p>\u201c\u00c9l fue apresado aqu\u00ed, en frente de la casa, y empezaron a darle golpes en el camino y en el destacamento. Cuando yo llego, lo sacaron de la celda para darle m\u00e1s golpes porque yo reclam\u00e9 el dinero que \u00e9l (Richard) me dijo\u201d, narr\u00f3 Mar\u00eda al periodista Inocencio Encarnaci\u00f3n, en una entrevista sobre la situaci\u00f3n.<\/p>\n<p>La joven hace \u00e9nfasis en que el capit\u00e1n Aquino, comandante del destacamento en Santiago Oeste, es el principal responsable de la acci\u00f3n en contra de Richard e hizo un llamado a las autoridades para que act\u00faen.<\/p>\n<p>\u201cQue se haga justicia, ya son tres casos, por favor se\u00f1or presidente, d\u00e9 la cara, tome carta en el asunto, son tres j\u00f3venes que han fallecido. \u00a1Van a dejar que acaben con la juventud! Un tatuaje no define una gente, tener un arete tampoco\u201d, se lament\u00f3 la joven Dur\u00e1n, que solo espera que el m\u00e9dico indique el d\u00eda y la hora de la ces\u00e1rea para el nacimiento de su hijo.<\/p>\n<p>Adem\u00e1s de los familiares y vecinos del joven asesinado, se han unido a las manifestaciones para que se haga justicia, activistas sociales de distintas organizaciones de Santiago<\/p>\n<p>Impactos: 58<\/p>","protected":false},"excerpt":{"rendered":"<p>Por\u00a0M\u00c1XIMO LAUREANO Solo la pena m\u00e1xima de 30 a\u00f1os de prisi\u00f3n dejar\u00eda conformes a los familiares y allegados de\u00a0Richard Rafael B\u00e1ez, ante lo irremediable<\/p>\n","protected":false},"author":3,"featured_media":16124,"comment_status":"closed","ping_status":"closed","sticky":false,"template":"","format":"standard","meta":[],"categories":[9],"tags":[],"_links":{"self":[{"href":"https:\/\/hormigaradio.com\/index.php?rest_route=\/wp\/v2\/posts\/16121"}],"collection":[{"href":"https:\/\/hormigaradio.com\/index.php?rest_route=\/wp\/v2\/posts"}],"about":[{"href":"https:\/\/hormigaradio.com\/index.php?rest_route=\/wp\/v2\/types\/post"}],"author":[{"embeddable":true,"href":"https:\/\/hormigaradio.com\/index.php?rest_route=\/wp\/v2\/users\/3"}],"replies":[{"embeddable":true,"href":"https:\/\/hormigaradio.com\/index.php?rest_route=%2Fwp%2Fv2%2Fcomments&post=16121"}],"version-history":[{"count":3,"href":"https:\/\/hormigaradio.com\/index.php?rest_route=\/wp\/v2\/posts\/16121\/revisions"}],"predecessor-version":[{"id":16126,"href":"https:\/\/hormigaradio.com\/index.php?rest_route=\/wp\/v2\/posts\/16121\/revisions\/16126"}],"wp:featuredmedia":[{"embeddable":true,"href":"https:\/\/hormigaradio.com\/index.php?rest_route=\/wp\/v2\/media\/16124"}],"wp:attachment":[{"href":"https:\/\/hormigaradio.com\/index.php?rest_route=%2Fwp%2Fv2%2Fmedia&parent=16121"}],"wp:term":[{"taxonomy":"category","embeddable":true,"href":"https:\/\/hormigaradio.com\/index.php?rest_route=%2Fwp%2Fv2%2Fcategories&post=16121"},{"taxonomy":"post_tag","embeddable":true,"href":"https:\/\/hormigaradio.com\/index.php?rest_route=%2Fwp%2Fv2%2Ftags&post=16121"}],"curies":[{"name":"wp","href":"https:\/\/api.w.org\/{rel}","templated":true}]}}