{"id":16155,"date":"2022-05-09T20:32:07","date_gmt":"2022-05-09T20:32:07","guid":{"rendered":"https:\/\/hormigaradio.com\/?p=16155"},"modified":"2022-05-09T20:33:13","modified_gmt":"2022-05-09T20:33:13","slug":"16155","status":"publish","type":"post","link":"https:\/\/hormigaradio.com\/?p=16155","title":{"rendered":"INVESTIGAN MUERTE DE PRIVADO DE LIBERTAD EN EL CCR LA ISLETA"},"content":{"rendered":"<p><img loading=\"lazy\" class=\"alignnone wp-image-15152\" src=\"http:\/\/hormigaradio.com\/wp-content\/uploads\/2022\/01\/FIRMA-para-Hormiga-Radio-300x158.jpeg\" alt=\"\" width=\"76\" height=\"40\" \/><span lang=\"ES\">La Direcci\u00f3n General de Servicios Penitenciarios y Correccionales (DGSPC) abri\u00f3 una investigaci\u00f3n sobre las circunstancias en que falleci\u00f3 el privado de libertad Alberto Familia, de 29 a\u00f1os, cuyo cuerpo sin vida fue hallado en el ba\u00f1o del CCR La Isleta, de Moca, la noche del pasado domingo.<u><\/u><u><\/u><\/span><\/p>\n<p class=\"m_-5810655007983592728MsoNoSpacing\"><span lang=\"ES\">Seg\u00fan el acta de levantamiento del cad\u00e1ver, emitida por el m\u00e9dico forense Sinencio Uribe, el privado de libertad falleci\u00f3 a causa de estrangulaci\u00f3n y, seg\u00fan el informe preliminar de la direcci\u00f3n del recinto penitenciario.<u><\/u><u><\/u><\/span><\/p>\n<p class=\"m_-5810655007983592728MsoNoSpacing\"><span lang=\"ES\">Familia habr\u00eda sostenido una ri\u00f1a con otro interno en las duchas comunes, resbalaron y el otro le ahorc\u00f3 hasta provocarle la muerte. Las autoridades tienen identificado a un sospechoso contra el que presentar\u00e1n cargos.<u><\/u><u><\/u><\/span><\/p>\n<p class=\"m_-5810655007983592728MsoNoSpacing\"><span lang=\"ES\">Las autoridades de la DGSPC lamentaron el hecho y de inmediato se abri\u00f3 una investigaci\u00f3n acerca de los motivos de la ri\u00f1a y las circunstancias del fallecimiento. El cad\u00e1ver de Alberto Familia fue traslado al Instituto Nacional de Ciencias Forenses\u00a0(Inacif).<u><\/u><u><\/u><\/span><\/p>\n<p class=\"m_-5810655007983592728MsoNoSpacing\"><span lang=\"ES\"><u><\/u>\u00a0<\/span><\/p>\n<p>Impactos: 66<\/p>","protected":false},"excerpt":{"rendered":"<p>La Direcci\u00f3n General de Servicios Penitenciarios y Correccionales (DGSPC) abri\u00f3 una investigaci\u00f3n sobre las circunstancias en que falleci\u00f3 el privado de libertad Alberto Familia,<\/p>\n","protected":false},"author":3,"featured_media":15161,"comment_status":"closed","ping_status":"closed","sticky":false,"template":"","format":"standard","meta":[],"categories":[3],"tags":[],"_links":{"self":[{"href":"https:\/\/hormigaradio.com\/index.php?rest_route=\/wp\/v2\/posts\/16155"}],"collection":[{"href":"https:\/\/hormigaradio.com\/index.php?rest_route=\/wp\/v2\/posts"}],"about":[{"href":"https:\/\/hormigaradio.com\/index.php?rest_route=\/wp\/v2\/types\/post"}],"author":[{"embeddable":true,"href":"https:\/\/hormigaradio.com\/index.php?rest_route=\/wp\/v2\/users\/3"}],"replies":[{"embeddable":true,"href":"https:\/\/hormigaradio.com\/index.php?rest_route=%2Fwp%2Fv2%2Fcomments&post=16155"}],"version-history":[{"count":2,"href":"https:\/\/hormigaradio.com\/index.php?rest_route=\/wp\/v2\/posts\/16155\/revisions"}],"predecessor-version":[{"id":16157,"href":"https:\/\/hormigaradio.com\/index.php?rest_route=\/wp\/v2\/posts\/16155\/revisions\/16157"}],"wp:featuredmedia":[{"embeddable":true,"href":"https:\/\/hormigaradio.com\/index.php?rest_route=\/wp\/v2\/media\/15161"}],"wp:attachment":[{"href":"https:\/\/hormigaradio.com\/index.php?rest_route=%2Fwp%2Fv2%2Fmedia&parent=16155"}],"wp:term":[{"taxonomy":"category","embeddable":true,"href":"https:\/\/hormigaradio.com\/index.php?rest_route=%2Fwp%2Fv2%2Fcategories&post=16155"},{"taxonomy":"post_tag","embeddable":true,"href":"https:\/\/hormigaradio.com\/index.php?rest_route=%2Fwp%2Fv2%2Ftags&post=16155"}],"curies":[{"name":"wp","href":"https:\/\/api.w.org\/{rel}","templated":true}]}}