{"id":16161,"date":"2022-05-10T03:47:36","date_gmt":"2022-05-10T03:47:36","guid":{"rendered":"https:\/\/hormigaradio.com\/?p=16161"},"modified":"2022-05-10T03:48:41","modified_gmt":"2022-05-10T03:48:41","slug":"policias-involucrados-caso-peluquero-fallecido-no-estan-suspendidos-ni-sometidos-video","status":"publish","type":"post","link":"https:\/\/hormigaradio.com\/?p=16161","title":{"rendered":"POLIC\u00cdAS INVOLUCRADOS CASO PELUQUERO FALLECIDO NO EST\u00c1N SUSPENDIDOS NI SOMETIDOS (v\u00eddeo)"},"content":{"rendered":"<p>Por\u00a0<a class=\"text-font font-700\" href=\"https:\/\/acento.com.do\/autor\/index.html?user_slug=mlaureano\">M\u00c1XIMO LAUREANO<\/a><\/p>\n<p>El director de la\u00a0<strong>Polic\u00eda Nacional<\/strong>\u00a0en Santiago, general de brigada\u00a0<strong>Ernesto Rodr\u00edguez Garc\u00eda<\/strong>, confirm\u00f3 este lunes que los patrulleros que participaron en el apresamiento y acciones posteriores contra el joven\u00a0<strong>Richard Rafael B\u00e1ez,<\/strong>\u00a0no han sido sometidos a la justicia.<\/p>\n<p>Asimismo, el director de la Direcci\u00f3n\u00a0<strong>Regional Cibao Central<\/strong>\u00a0con sede en Santiago, confirm\u00f3 que a pesar de que los agentes policiales est\u00e1n siendo investigados por el caso, estos no est\u00e1n suspendidos.<\/p>\n<p><iframe loading=\"lazy\" src=\"https:\/\/player.vimeo.com\/video\/707942988?h=f6886bc1d8&amp;color=ef0000\" width=\"640\" height=\"800\" frameborder=\"0\" allowfullscreen=\"allowfullscreen\" data-mce-fragment=\"1\"><\/iframe><\/p>\n<p>El oficial policial aleg\u00f3 que los patrulleros no est\u00e1n suspendidos porque apresaron a<strong>\u00a0B\u00e1ez<\/strong>\u00a0en una &#8220;acci\u00f3n legal&#8221;, es decir que, al momento del arresto, los polic\u00edas actuaban amparados en la ley.<\/p>\n<p>El general de brigada se\u00f1al\u00f3 que los patrulleros que apresaron al joven y los dem\u00e1s agentes que intervinieron en el destacamento son\u00a0<strong>investigados por el Ministerio P\u00fablico<\/strong>\u00a0y una vez concluya el proceso, dar\u00e1n a conocer los detalles y se proceder\u00e1 de acuerdo de lo establecido en la ley.<\/p>\n<p><strong>Richard Rafael B\u00e1ez<\/strong>\u00a0fue apresado en su casa, donde tambi\u00e9n administraba una peluquer\u00eda y una tienda, en la calle 9, esquina Peat\u00f3n 0, en Santiago Oeste\/Cienfuegos, desde donde fue llevado al destacamento, donde habr\u00eda sido golpeado por los agentes policiales.<\/p>\n<p>El joven\u00a0falleci\u00f3 el 5 de abril del 2022, en el Hospital Jos\u00e9 Mar\u00eda Cabral y B\u00e1ez, a consecuencia de una golpiza que habr\u00eda recibido en\u00a0un destacamento en Santiago Oeste\u00a0<strong>(Cienfuegos).<\/strong><\/p>\n<div id=\"news-4-13\" class=\"banner-box dfp-async loaded\" data-bannerdesktop=\"true\" data-bannermobile=\"true\" data-google-query-id=\"CKHC9-v70_cCFQYUoQod_GgA5A\">\n<div id=\"google_ads_iframe_5168668\/News_Middle_02_0__container__\"><iframe id=\"google_ads_iframe_5168668\/News_Middle_02_0\" tabindex=\"0\" title=\"3rd party ad content\" role=\"region\" name=\"google_ads_iframe_5168668\/News_Middle_02_0\" width=\"728\" height=\"90\" frameborder=\"0\" marginwidth=\"0\" marginheight=\"0\" scrolling=\"no\" aria-label=\"Advertisement\" data-google-container-id=\"a\" data-load-complete=\"true\" data-mce-fragment=\"1\"><\/iframe><\/div>\n<\/div>\n<p>El director de la Polic\u00eda en la sede local,\u00a0<strong>Ernesto Rodr\u00edguez Garc\u00eda,\u00a0<\/strong>dijo que a\u00a0<strong>B\u00e1ez<\/strong>, al momento de ser apresado, se le decomis\u00f3 un arma de fuego con la cual se presume habr\u00eda disparado a la patrulla.<\/p>\n<p>\u201cPuedo decirles que ese joven fue sometido por porte ilegal de arma de fuego, que se le ocup\u00f3 en el momento de su apresamiento, donde \u00e9l, de acuerdo a la patrulla, hizo disparos a la patrulla. Fue llevado al destacamento y all\u00ed se le entregaron las propiedades a sus padres\u201d, afirm\u00f3 el general de brigada\u00a0<strong>Rodr\u00edguez Garc\u00eda.<\/strong><\/p>\n<p>No queda claro si entre las pertenencias que la Polic\u00eda afirma haber devuelto a los familiares del joven, estaban los 30 mil pesos que\u00a0<strong>B\u00e1ez<\/strong>\u00a0ten\u00eda cuando fue apresado<\/p>\n<p>Impactos: 124<\/p>","protected":false},"excerpt":{"rendered":"<p>Por\u00a0M\u00c1XIMO LAUREANO El director de la\u00a0Polic\u00eda Nacional\u00a0en Santiago, general de brigada\u00a0Ernesto Rodr\u00edguez Garc\u00eda, confirm\u00f3 este lunes que los patrulleros que participaron en el apresamiento<\/p>\n","protected":false},"author":3,"featured_media":15960,"comment_status":"closed","ping_status":"closed","sticky":false,"template":"","format":"standard","meta":[],"categories":[3],"tags":[],"_links":{"self":[{"href":"https:\/\/hormigaradio.com\/index.php?rest_route=\/wp\/v2\/posts\/16161"}],"collection":[{"href":"https:\/\/hormigaradio.com\/index.php?rest_route=\/wp\/v2\/posts"}],"about":[{"href":"https:\/\/hormigaradio.com\/index.php?rest_route=\/wp\/v2\/types\/post"}],"author":[{"embeddable":true,"href":"https:\/\/hormigaradio.com\/index.php?rest_route=\/wp\/v2\/users\/3"}],"replies":[{"embeddable":true,"href":"https:\/\/hormigaradio.com\/index.php?rest_route=%2Fwp%2Fv2%2Fcomments&post=16161"}],"version-history":[{"count":1,"href":"https:\/\/hormigaradio.com\/index.php?rest_route=\/wp\/v2\/posts\/16161\/revisions"}],"predecessor-version":[{"id":16162,"href":"https:\/\/hormigaradio.com\/index.php?rest_route=\/wp\/v2\/posts\/16161\/revisions\/16162"}],"wp:featuredmedia":[{"embeddable":true,"href":"https:\/\/hormigaradio.com\/index.php?rest_route=\/wp\/v2\/media\/15960"}],"wp:attachment":[{"href":"https:\/\/hormigaradio.com\/index.php?rest_route=%2Fwp%2Fv2%2Fmedia&parent=16161"}],"wp:term":[{"taxonomy":"category","embeddable":true,"href":"https:\/\/hormigaradio.com\/index.php?rest_route=%2Fwp%2Fv2%2Fcategories&post=16161"},{"taxonomy":"post_tag","embeddable":true,"href":"https:\/\/hormigaradio.com\/index.php?rest_route=%2Fwp%2Fv2%2Ftags&post=16161"}],"curies":[{"name":"wp","href":"https:\/\/api.w.org\/{rel}","templated":true}]}}