{"id":16173,"date":"2022-05-12T03:42:53","date_gmt":"2022-05-12T03:42:53","guid":{"rendered":"https:\/\/hormigaradio.com\/?p=16173"},"modified":"2022-05-12T03:43:14","modified_gmt":"2022-05-12T03:43:14","slug":"unidad-01-punta-catalina-fuera-todo-hasta-junio","status":"publish","type":"post","link":"https:\/\/hormigaradio.com\/?p=16173","title":{"rendered":"UNIDAD 01 PUNTA CATALINA FUERA TODO  HASTA JUNIO"},"content":{"rendered":"<p>Por\u00a0<a class=\"text-font font-700\" href=\"https:\/\/acento.com.do\/autor\/index.html?user_slug=servicios\">SERVICIOS DE ACENTO.COM.DO<\/a><\/p>\n<p>La unidad 1 de la termoel\u00e9ctrica\u00a0<strong>Punta Catalina<\/strong>\u00a0seguir\u00e1 fuera de servicio\u00a0<strong>hasta el 30 de mayo<\/strong>\u00a0debido a que la &#8220;recepci\u00f3n de equipos, materiales y servicios\u00a0<strong>ha tomado m\u00e1s tiempo de lo estimado<\/strong>&#8220;.<\/p>\n<p>La termoel\u00e9ctrica public\u00f3 este mi\u00e9rcoles en Twitter un comunicado en el que informa que se ha visto &#8220;precisada&#8221; a extender hasta el 30 de mayo el mantenimiento de la unidad 1.<\/p>\n<picture class=\"image\"><img loading=\"lazy\" src=\"https:\/\/acentos3.s3.us-east-2.amazonaws.com\/media\/storage02\/uploads\/2022\/05\/comunicado-full-728x410.webp\" alt=\"\" width=\"1280\" height=\"1280\" \/><\/picture>\n<p>&#8220;La extensi\u00f3n en el plazo obedece a que tanto la recepci\u00f3n de equipos, materiales y servicios como las actividades a realizar han tomado m\u00e1s tiempo de lo estimado, debido en parte, a la crisis en la cadena de suministro a nivel global&#8221;, expresaron los responsables de la termoel\u00e9ctrica.<\/p>\n<p>La administraci\u00f3n asegur\u00f3 que est\u00e1 haciendo la &#8220;debida diligencia&#8221; para que este proceso se agilice y pidi\u00f3 disculpas a &#8220;nuestros clientes&#8221; Edenorte, Edeeste y Edesur.<\/p>\n<p>La unidad 1 de la termoel\u00e9ctrica Punta Catalina se encuentra fuera de servicio desde el 26 de marzo, cuando su administraci\u00f3n inform\u00f3 que esto se extender\u00eda por 45 d\u00edas, plazo que se cumple este mi\u00e9rcoles.<\/p>\n<p>Desde varias provincias de la regi\u00f3n norte del pa\u00eds se denuncia que los cortes en el suministro de electricidad se producen a diario.<\/p>\n<div id=\"news-4-13\" class=\"banner-box dfp-async loaded\" data-bannerdesktop=\"true\" data-bannermobile=\"true\" data-google-query-id=\"CJ_On-uE2fcCFUSVWwodMx8Big\">\n<div id=\"google_ads_iframe_5168668\/News_Middle_02_0__container__\">Autoridades del sector informaron recientemente que los apagones se deben a la salida por mantenimiento de dos generadores<\/div>\n<\/div>\n<p>Impactos: 66<\/p>","protected":false},"excerpt":{"rendered":"<p>Por\u00a0SERVICIOS DE ACENTO.COM.DO La unidad 1 de la termoel\u00e9ctrica\u00a0Punta Catalina\u00a0seguir\u00e1 fuera de servicio\u00a0hasta el 30 de mayo\u00a0debido a que la &#8220;recepci\u00f3n de equipos, materiales<\/p>\n","protected":false},"author":3,"featured_media":16174,"comment_status":"closed","ping_status":"closed","sticky":false,"template":"","format":"standard","meta":[],"categories":[1],"tags":[],"_links":{"self":[{"href":"https:\/\/hormigaradio.com\/index.php?rest_route=\/wp\/v2\/posts\/16173"}],"collection":[{"href":"https:\/\/hormigaradio.com\/index.php?rest_route=\/wp\/v2\/posts"}],"about":[{"href":"https:\/\/hormigaradio.com\/index.php?rest_route=\/wp\/v2\/types\/post"}],"author":[{"embeddable":true,"href":"https:\/\/hormigaradio.com\/index.php?rest_route=\/wp\/v2\/users\/3"}],"replies":[{"embeddable":true,"href":"https:\/\/hormigaradio.com\/index.php?rest_route=%2Fwp%2Fv2%2Fcomments&post=16173"}],"version-history":[{"count":2,"href":"https:\/\/hormigaradio.com\/index.php?rest_route=\/wp\/v2\/posts\/16173\/revisions"}],"predecessor-version":[{"id":16176,"href":"https:\/\/hormigaradio.com\/index.php?rest_route=\/wp\/v2\/posts\/16173\/revisions\/16176"}],"wp:featuredmedia":[{"embeddable":true,"href":"https:\/\/hormigaradio.com\/index.php?rest_route=\/wp\/v2\/media\/16174"}],"wp:attachment":[{"href":"https:\/\/hormigaradio.com\/index.php?rest_route=%2Fwp%2Fv2%2Fmedia&parent=16173"}],"wp:term":[{"taxonomy":"category","embeddable":true,"href":"https:\/\/hormigaradio.com\/index.php?rest_route=%2Fwp%2Fv2%2Fcategories&post=16173"},{"taxonomy":"post_tag","embeddable":true,"href":"https:\/\/hormigaradio.com\/index.php?rest_route=%2Fwp%2Fv2%2Ftags&post=16173"}],"curies":[{"name":"wp","href":"https:\/\/api.w.org\/{rel}","templated":true}]}}