{"id":16177,"date":"2022-05-12T04:28:42","date_gmt":"2022-05-12T04:28:42","guid":{"rendered":"https:\/\/hormigaradio.com\/?p=16177"},"modified":"2022-05-12T04:29:18","modified_gmt":"2022-05-12T04:29:18","slug":"ministerio-publico-arresta-a-tres-policias-por-el-homicidio-de-joven-barbero-en-santiago","status":"publish","type":"post","link":"https:\/\/hormigaradio.com\/?p=16177","title":{"rendered":"MINISTERIO P\u00daBLICO ARRESTA A TRES POLIC\u00cdAS POR EL HOMICIDIO DE JOVEN BARBERO EN SANTIAGO"},"content":{"rendered":"<p><img loading=\"lazy\" class=\"alignnone wp-image-15152\" src=\"http:\/\/hormigaradio.com\/wp-content\/uploads\/2022\/01\/FIRMA-para-Hormiga-Radio-300x158.jpeg\" alt=\"\" width=\"76\" height=\"40\" \/>El Ministerio P\u00fablico solicitar\u00e1 prisi\u00f3n preventiva, como medida de coerci\u00f3n, contra tres agentes policiales implicados en la muerte de un barbero al que agredieron brutalmente mientras lo deten\u00edan y en el tiempo en que lo retuvieron en el destacamento del sector Cienfuegos, en el distrito municipal Santiago Oeste.<\/p>\n<p>El capit\u00e1n Manolo Aquino, encargado de la Direcci\u00f3n Central de Investigaciones Criminales (Dicrim) en Cienfuegos; el primer teniente Manuel de Jes\u00fas de la Cruz y el segundo teniente Vladimir Joel Jerez Su\u00e1rez enfrentan cargos criminales por la muerte a golpes del barbero Richard Rafael B\u00e1ez.<\/p>\n<p>Los tres incurrieron en los delitos de asociaci\u00f3n de malhechores, homicidio y robo.<\/p>\n<p>El Ministerio P\u00fablico investiga en estos momentos varios casos de abuso policial.<\/p>\n<p>En la solicitud de medida de coerci\u00f3n el \u00f3rgano persecutor establece que el pasado 21 de marzo, los imputados produjeron golpes mortales a la v\u00edctima.<\/p>\n<p>Indica que los agentes policiales formaban parte de una patrulla motorizada que efectuaban un operativo preventivo en la comunidad El Semillero, del referido distrito municipal, en donde detuvieron a B\u00e1ez.<\/p>\n<p>Precisa que la v\u00edctima fue perseguida hasta su casa y que recibi\u00f3 m\u00faltiples golpes cuando intentaba alcanzar la puerta de la vivienda, mientras gritaba y ped\u00eda auxilio a su padre para tratar de salvar la vida ante el ataque de los agentes policiales actuantes.<\/p>\n<p>Mientras estuvo en el cuartel, la v\u00edctima denunciaba que los agentes le hab\u00edan sustra\u00eddo la suma de 30 mil pesos, cuya devoluci\u00f3n exig\u00eda, pero a cambio recib\u00eda golpes de los agentes policiales.<\/p>\n<p>Los polic\u00edas imputados llegaron incluso a trasladar a la v\u00edctima al Hospital de Cienfuegos, en donde una m\u00e9dico lo atendi\u00f3 pasadas las 6:00 de la ma\u00f1ana del citado d\u00eda.<\/p>\n<p>La doctora que lo evalu\u00f3 verific\u00f3 que B\u00e1ez presentaba laceraciones en el \u00e1rea temporal derecha y en ambos codos, por lo que refer\u00eda dolor. Por esa raz\u00f3n, entreg\u00f3 al teniente Jerez Suarez una indicaci\u00f3n para aplicar al paciente una antitet\u00e1nica, una crema y analg\u00e9sicos, as\u00ed como una radiograf\u00eda AP y lateral de cr\u00e1neo, indicaci\u00f3n que el imputado ocult\u00f3.<\/p>\n<p>En cambio, regresaron al imputado a una celda del destacamento donde volvieron a golpearlo. M\u00e1s tarde, lo presentaron al m\u00e9dico legista y ante el fiscal en la sede de la Polic\u00eda Nacional y lo trasladaron al centro de detenci\u00f3n que opera en el Palacio de Justicia de Santiago.<\/p>\n<p>Estando en el centro del Palacio de Justicia B\u00e1ez convulsion\u00f3 y fue trasladado al Hospital Estrella Ure\u00f1a, ubicado frente al edificio, de donde lo remitieron al Hospital Regional Cabral y B\u00e1ez.<\/p>\n<p>Mientras B\u00e1ez estuvo vivo en el Cabral y B\u00e1ez, y por diligencias del Ministerio P\u00fablico, el m\u00e9dico legista Iv\u00e1n Joel Guzm\u00e1n, del Instituto Nacional de Ciencias Forenses (Inacif), realiz\u00f3 una evaluaci\u00f3n del paciente que, al final, lamentablemente falleci\u00f3 producto de los golpes que le propinaron los imputados.<\/p>\n<p>Impactos: 53<\/p>","protected":false},"excerpt":{"rendered":"<p>El Ministerio P\u00fablico solicitar\u00e1 prisi\u00f3n preventiva, como medida de coerci\u00f3n, contra tres agentes policiales implicados en la muerte de un barbero al que agredieron<\/p>\n","protected":false},"author":3,"featured_media":14710,"comment_status":"closed","ping_status":"closed","sticky":false,"template":"","format":"standard","meta":[],"categories":[3],"tags":[],"_links":{"self":[{"href":"https:\/\/hormigaradio.com\/index.php?rest_route=\/wp\/v2\/posts\/16177"}],"collection":[{"href":"https:\/\/hormigaradio.com\/index.php?rest_route=\/wp\/v2\/posts"}],"about":[{"href":"https:\/\/hormigaradio.com\/index.php?rest_route=\/wp\/v2\/types\/post"}],"author":[{"embeddable":true,"href":"https:\/\/hormigaradio.com\/index.php?rest_route=\/wp\/v2\/users\/3"}],"replies":[{"embeddable":true,"href":"https:\/\/hormigaradio.com\/index.php?rest_route=%2Fwp%2Fv2%2Fcomments&post=16177"}],"version-history":[{"count":1,"href":"https:\/\/hormigaradio.com\/index.php?rest_route=\/wp\/v2\/posts\/16177\/revisions"}],"predecessor-version":[{"id":16178,"href":"https:\/\/hormigaradio.com\/index.php?rest_route=\/wp\/v2\/posts\/16177\/revisions\/16178"}],"wp:featuredmedia":[{"embeddable":true,"href":"https:\/\/hormigaradio.com\/index.php?rest_route=\/wp\/v2\/media\/14710"}],"wp:attachment":[{"href":"https:\/\/hormigaradio.com\/index.php?rest_route=%2Fwp%2Fv2%2Fmedia&parent=16177"}],"wp:term":[{"taxonomy":"category","embeddable":true,"href":"https:\/\/hormigaradio.com\/index.php?rest_route=%2Fwp%2Fv2%2Fcategories&post=16177"},{"taxonomy":"post_tag","embeddable":true,"href":"https:\/\/hormigaradio.com\/index.php?rest_route=%2Fwp%2Fv2%2Ftags&post=16177"}],"curies":[{"name":"wp","href":"https:\/\/api.w.org\/{rel}","templated":true}]}}