{"id":16218,"date":"2022-05-19T23:55:58","date_gmt":"2022-05-19T23:55:58","guid":{"rendered":"https:\/\/hormigaradio.com\/?p=16218"},"modified":"2022-05-20T00:01:45","modified_gmt":"2022-05-20T00:01:45","slug":"presidente-abinader-dira-en-suiza-como-liberarse-del-del-covid-y-la-recuperacion-economica","status":"publish","type":"post","link":"https:\/\/hormigaradio.com\/?p=16218","title":{"rendered":"PRESIDENTE ABINADER DIR\u00c1 EN SUIZA COMO RECUPERAR ECONOM\u00cdA, TRAS CRISIS DEL COVID 19"},"content":{"rendered":"<p><img loading=\"lazy\" class=\"alignleft wp-image-15152\" src=\"http:\/\/hormigaradio.com\/wp-content\/uploads\/2022\/01\/FIRMA-para-Hormiga-Radio-150x150.jpeg\" alt=\"\" width=\"76\" height=\"40\" \/><\/p>\n<p>&nbsp;<\/p>\n<p>El presidente Luis Abinader viajar\u00e1 este viernes 20 a Ginebra y Davos, Suiza, para participar en la 75va Asamblea Mundial de la Salud y el Foro Econ\u00f3mico Mundial (FEM), donde fue invitado para exponer sobre la experiencia dominicana en el manejo del COVID 19, de la crisis econ\u00f3mica post-pandemia y la recuperaci\u00f3n del turismo.<\/p>\n<p>El jefe de Estado partir\u00e1 junto a su comitiva a las 7:05 de la noche por el Aeropuerto Internacional de Punta Cana y tiene programado arribar a Ginebra a las 11:30 de la ma\u00f1ana del s\u00e1bado, hora local de Suiza.<\/p>\n<p>El gobernante sostendr\u00e1 un encuentro con el director general de la Organizaci\u00f3n Mundial de la Salud (OMS), doctor Tedros Adhanom Ghebreyesus, y luego se reunir\u00e1 con los Jefes de Estado y de Gobierno participantes en la cumbre.<\/p>\n<p>Para el domingo 22, el presidente Abinader tiene agendado su intervenci\u00f3n en el segmento de bienvenida de la 75va Asamblea Mundial de la Salud.<\/p>\n<p>Foro Econ\u00f3mico Mundial<\/p>\n<p>Al culminar su participaci\u00f3n en la Asamblea Mundial de la Salud, el presidente dominicano partir\u00e1 desde el aeropuerto de Ginebra hasta Zurich para continuar su agenda en Davos, ciudad donde se celebra el Foro Econ\u00f3mico Mundial, tambi\u00e9n llamado Foro de Davos.<\/p>\n<p>El lunes 23, el gobernante tiene programado reuniones bilaterales con importantes entes empresariales internacionales.<\/p>\n<p>En la noche del lunes, el presidente Abinader participar\u00e1 en la cena ofrecida por Klaus Mart\u00edn Schwab, a los jefes de Estado y de Gobierno, Organismos Internacionales e invitados especiales.<\/p>\n<p>Martin Schwab es un economista y empresario alem\u00e1n, conocido principalmente por ser el fundador del Foro Econ\u00f3mico Mundial.<\/p>\n<p>El martes 24 el mandatario continuar\u00e1 con los trabajos y participar\u00e1 en la conferencia de prensa sobre el lanzamiento del \u00edndice de Desarrollo de Viajes y Turismo.<\/p>\n<p>El mandatario tiene programado regresar junto a su comitiva el pr\u00f3ximo mi\u00e9rcoles 25.<\/p>\n<p>La comitiva la integran el ministro de Relaciones Exteriores, Roberto \u00c1lvarez; su asisten personal, Mercedes Pichardo; Eilyn Beltran, su secretario general de Gabinete del Palacio Nacional, y el general Jimmy Arias Grull\u00f3n, subjefe del Cuerpo de Seguridad Presidencial.<\/p>\n<p>A ello se suman los embajadores Virgilio Alc\u00e1ntara, jefe de la misi\u00f3n en la Organizaci\u00f3n Mundial de la Salud (OMS), Pablo Valent\u00edn; y el director de prensa del presidente Daniel Garcia Archibald, quien ya se encuentra en Suiza.<\/p>\n<p>Impactos: 38<\/p>","protected":false},"excerpt":{"rendered":"<p>&nbsp; El presidente Luis Abinader viajar\u00e1 este viernes 20 a Ginebra y Davos, Suiza, para participar en la 75va Asamblea Mundial de la Salud<\/p>\n","protected":false},"author":3,"featured_media":15500,"comment_status":"closed","ping_status":"closed","sticky":false,"template":"","format":"standard","meta":[],"categories":[3],"tags":[],"_links":{"self":[{"href":"https:\/\/hormigaradio.com\/index.php?rest_route=\/wp\/v2\/posts\/16218"}],"collection":[{"href":"https:\/\/hormigaradio.com\/index.php?rest_route=\/wp\/v2\/posts"}],"about":[{"href":"https:\/\/hormigaradio.com\/index.php?rest_route=\/wp\/v2\/types\/post"}],"author":[{"embeddable":true,"href":"https:\/\/hormigaradio.com\/index.php?rest_route=\/wp\/v2\/users\/3"}],"replies":[{"embeddable":true,"href":"https:\/\/hormigaradio.com\/index.php?rest_route=%2Fwp%2Fv2%2Fcomments&post=16218"}],"version-history":[{"count":3,"href":"https:\/\/hormigaradio.com\/index.php?rest_route=\/wp\/v2\/posts\/16218\/revisions"}],"predecessor-version":[{"id":16221,"href":"https:\/\/hormigaradio.com\/index.php?rest_route=\/wp\/v2\/posts\/16218\/revisions\/16221"}],"wp:featuredmedia":[{"embeddable":true,"href":"https:\/\/hormigaradio.com\/index.php?rest_route=\/wp\/v2\/media\/15500"}],"wp:attachment":[{"href":"https:\/\/hormigaradio.com\/index.php?rest_route=%2Fwp%2Fv2%2Fmedia&parent=16218"}],"wp:term":[{"taxonomy":"category","embeddable":true,"href":"https:\/\/hormigaradio.com\/index.php?rest_route=%2Fwp%2Fv2%2Fcategories&post=16218"},{"taxonomy":"post_tag","embeddable":true,"href":"https:\/\/hormigaradio.com\/index.php?rest_route=%2Fwp%2Fv2%2Ftags&post=16218"}],"curies":[{"name":"wp","href":"https:\/\/api.w.org\/{rel}","templated":true}]}}