{"id":16229,"date":"2022-05-20T12:44:41","date_gmt":"2022-05-20T12:44:41","guid":{"rendered":"https:\/\/hormigaradio.com\/?p=16229"},"modified":"2022-05-20T13:20:59","modified_gmt":"2022-05-20T13:20:59","slug":"hechos-violentos-provocan-panico-en-santiago-de-los-caballeros","status":"publish","type":"post","link":"https:\/\/hormigaradio.com\/?p=16229","title":{"rendered":"HECHOS VIOLENTOS PROVOCAN P\u00c1NICO EN SANTIAGO DE LOS CABALLEROS"},"content":{"rendered":"<div class=\"article-body-content\">\n<p>Por\u00a0<a class=\"text-font font-700\" href=\"https:\/\/acento.com.do\/autor\/index.html?user_slug=mlaureano\">M\u00c1XIMO LAUREANO<\/a><\/p>\n<p>En Santiago, la muerte a tiros\u00a0de cuatro j\u00f3venes en tres d\u00edas, sumado a los reportes de robos y atracos, han sembrado el p\u00e1nico en la poblaci\u00f3n, la cual exige acciones de las autoridades para encarar estos hechos y garantizar la seguridad de los ciudadanos y ciudadanas.<\/p>\n<p>Desde el lunes 16 de mayo a la madrugada del mi\u00e9rcoles 18 de mayo, fallecieron, tras ser tiroteados, los j\u00f3venes\u00a0<strong>Cristian Cabrera L\u00f3pez<\/strong>, de 24 a\u00f1os de edad,\u00a0<strong>Maicol Jalise Cruz,<\/strong>\u00a0de 20 a\u00f1os de edad y\u00a0<strong>Anthony Cabrera<\/strong>, de 19 a\u00f1os.<\/p>\n<p>Esto, a pesar de que al menos 10 sectores de Santiago est\u00e1n bajo la modalidad de vigilancia del programa \u201cMi Pa\u00eds Seguro\u201d,\u00a0<strong>iniciado el 3 de diciembre del 2021<\/strong>, en un acto en el cual el ministro de Interior, Jes\u00fas V\u00e1squez, asegur\u00f3 que hab\u00eda llegado el momento de poner atenci\u00f3n a Santiago.<\/p>\n<p>\u201cVenimos a devolver a Santiago el esplendor que se merece. Hemos vendido a Santiago con el prop\u00f3sito de unir esfuerzos y voluntades, para dejar atr\u00e1s los\u00a0a\u00f1os\u00a0de abandono a la que hab\u00eda sido sometida esta din\u00e1mica y laboriosa provincia\u201d, dijo V\u00e1squez, en el acto de presentaci\u00f3n del programa desarrollado con asesor\u00eda de agentes policiales de Brasil, los cuales estuvieron en Santiago el pasado 9 de febrero.<\/p>\n<picture class=\"image\"><img loading=\"lazy\" src=\"https:\/\/acentos3.s3.us-east-2.amazonaws.com\/media\/storage02\/uploads\/2022\/05\/santiago-entre-la-inseguridad-y-el-temor-por-hechos-delictivos1-full-728x410.webp\" alt=\"\" width=\"1280\" height=\"855\" \/><\/picture>Bajo la modalidad de \u201c<strong>Mi<\/strong>\u00a0<strong>Pa\u00eds Seguro<\/strong>\u201d, se encuentran La Otra Banda, Santiago Oeste (Cienfuegos), Esanche Berm\u00fadez, Los Pepines, Los Jardines Metropolitanos, Nibaje, La Joya, Baracoa, Pueblo Nuevo y el Centro Hist\u00f3rico.<\/p>\n<p>En su discurso, el funcionario prometi\u00f3 la adici\u00f3n de 450 polic\u00edas, 32 camionetas, 65 motocicletas, siete camiones c\u00e1rceles para &#8220;casos especiales&#8221;.<\/p>\n<div id=\"news-4-13\" class=\"banner-box dfp-async loaded\" data-bannerdesktop=\"true\" data-bannermobile=\"true\" data-google-query-id=\"CNDh8IaL7vcCFdAEwQodT_AE5g\">\n<div id=\"google_ads_iframe_5168668\/News_Middle_02_0__container__\">El 11 de febrero, las autoridades se reunieron en la Gobernaci\u00f3n local para presentar los primeros resultados del operativo &#8211; diciembre a febrero -, mientras que el de los \u00faltimos meses &#8211; marzo a la fecha &#8211; no ha sido divulgado.<\/div>\n<\/div>\n<h2><strong>Casos recientes<\/strong><\/h2>\n<h3><strong>Anthony Cabrera<\/strong><\/h3>\n<p>Al hablar con los periodistas,\u00a0<strong>Rosalba<\/strong>\u00a0solo atina a exigir que se investigue a fondo la muerte a tiros de su pariente,\u00a0<strong>Anthony Cabrera<\/strong>, un joven de 19 a\u00f1os edad, dedicado a la labor de entrega a domicilio (delivery), que fue baleado en el barrio Las Flores, en la cercan\u00eda de la avenida Yapur Dumit, al sur del centro urbano de Santiago. El hecho ocurri\u00f3 la madrugada de este mi\u00e9rcoles 18 de mayo.<\/p>\n<p>Seg\u00fan las versiones recogidas en el lugar, a<strong>\u00a0Cabrera<\/strong>\u00a0lo balearon cuando estaba en un colmado y hasta el momento las autoridades no han identificado al autor del crimen. Tambi\u00e9n se desconoce lo que habr\u00eda motivado el hecho.<\/p>\n<h3><strong>Para robarle<\/strong><\/h3>\n<p>En el sector de\u00a0<strong>Los Reyes II,<\/strong>\u00a0al norte del centro urbano de Santiago, dos hombres mataron a tiros a un joven de nacionalidad haitiana, la noche del martes 17 de mayo.<\/p>\n<p>Algunos parientes contaron que el joven, de 28 a\u00f1os de edad, lo atracaron dos hombres que se desplazaban en una motocicleta y que los despojaron de un tel\u00e9fono celular y\u00a0<strong>RD$ 3 mil<\/strong>\u00a0en efectivo.<\/p>\n<p>Los parientes del joven tambi\u00e9n han dicho que los casos de atracos y robos, son muy frecuentes en el sector Los Reyes y barrios vecinos.<\/p>\n<picture class=\"image\"><img loading=\"lazy\" src=\"https:\/\/acentos3.s3.us-east-2.amazonaws.com\/media\/storage02\/uploads\/2022\/05\/santiago-entre-la-inseguridad-y-el-temor-por-hechos-delictivos-full-728x410.webp\" alt=\"\" width=\"1280\" height=\"855\" \/><\/picture>\n<h3><strong>Encapuchados le dispararon<\/strong><\/h3>\n<p>La noche del martes 17 de mayo, personas a\u00fan no identificadas por las autoridades, balearon a un joven de 20 a\u00f1os de edad, en el sector Pek\u00edn, al sur del centro urbano de Santiago.<\/p>\n<p>El joven fallecido ha sido identificado como\u00a0<strong>Maicol Jalise Cruz<\/strong>, quien resid\u00eda en el barrio\u00a0<strong>Cristo Rey<\/strong>. Al momento que le disparan, el joven transitaba en una pasola en compa\u00f1\u00eda de una mujer, la mujer no ha sido identificada por las autoridades.<\/p>\n<h3><strong>Le dispararon desde un veh\u00edculo en marcha<\/strong><\/h3>\n<p>La madrugada del lunes 16 de mayo, fue baleado el joven de 24 a\u00f1os de edad, identificado como\u00a0<strong>Cristian Cabrera L\u00f3pez<\/strong>, en Pueblo Nuevo, un sector vecino de la zona c\u00e9ntrica de Santiago de los Caballeros.<\/p>\n<p>Seg\u00fan el reporte policial en la Direcci\u00f3n Regional Cibao Central, a Cabrera L\u00f3pez le dispararon desde un veh\u00edculo en marcha, sin que hasta el momento las autoridades hayan identificado a los sospechosos.<\/p>\n<h3><strong>Lo agredieron a \u201ctubazos\u201d<\/strong><\/h3>\n<p>En el reporte del lunes 16 de mayo, la\u00a0<strong>Polic\u00eda Nacional<\/strong>\u00a0en Santiago, notific\u00f3 que uno de sus hombres, el segundo teniente Reynaldo Antonio Rodr\u00edguez, de 51 a\u00f1os de edad, fue agredido a \u201ctubazos\u201d.<\/p>\n<p>El segundo teniente habr\u00eda sido interceptado en la avenida Circunvalaci\u00f3n, cuando se trasladaba en una motocicleta hacia el municipio Villa Bison\u00f3, Navarrete, donde cumpl\u00eda servicio.<\/p>\n<p>Los atacantes, seg\u00fan el informe, despojaron al agente policial de su arma de reglamento y otras pertenencias.<\/p>\n<h2><b>Casos pendientes<\/b><\/h2>\n<h3>Tiroteo por control de punto<\/h3>\n<p>La Polic\u00eda a\u00fan no ha aclarado el caso en el cual murieron tres j\u00f3venes en la comunidad La Cuesta\/Quinigua, en el distrito municipal, San Francisco de Jacagua, en un tiroteo presuntamente motivado por el control de un punto de droga. El hecho ocurri\u00f3 el pasado 20 de abril del 2022.<\/p>\n<p>Los j\u00f3venes fallecidos fueron identificados como\u00a0<strong>Jhonny Rafael Victoria<\/strong>\u00a0<strong>Reynoso<\/strong>, de 32 a\u00f1os de edad;\u00a0<strong>Brailyn D\u00edaz<\/strong>, de 19 a\u00f1os,\u00a0y\u00a0<strong>\u00c1ngel Roberto<\/strong>\u00a0<strong>B\u00e1ez<\/strong>\u00a0<strong>Reyes,<\/strong>\u00a0de 21 a\u00f1os.<\/p>\n<p>La Polic\u00eda no ha vuelto a referirse de manera p\u00fablica a este caso.<\/p>\n<h3><strong>Mientras patrullaba.<\/strong><\/h3>\n<p><img loading=\"lazy\" class=\"alignleft wp-image-16232\" src=\"http:\/\/hormigaradio.com\/wp-content\/uploads\/2022\/05\/WhatsApp-Image-2022-05-19-at-11.29.22-AM-300x169.jpeg\" alt=\"\" width=\"700\" height=\"394\" srcset=\"https:\/\/hormigaradio.com\/wp-content\/uploads\/2022\/05\/WhatsApp-Image-2022-05-19-at-11.29.22-AM-300x169.jpeg 300w, https:\/\/hormigaradio.com\/wp-content\/uploads\/2022\/05\/WhatsApp-Image-2022-05-19-at-11.29.22-AM-768x432.jpeg 768w, https:\/\/hormigaradio.com\/wp-content\/uploads\/2022\/05\/WhatsApp-Image-2022-05-19-at-11.29.22-AM.jpeg 1024w\" sizes=\"(max-width: 700px) 100vw, 700px\" \/><\/p>\n<h3>La Polic\u00eda Nacional tampoco ha aclarado lo relacionado a la muerte del sargento mayor,\u00a0<strong>Edilio Francisco G\u00f3mez<\/strong>.<\/h3>\n<p>El sargento mayor falleci\u00f3 tras ser baleado el 12 de abril en la autopista Joaqu\u00edn Balaguer (Santiago\/Navarrete), mientras hac\u00eda labores de patrullaje junto a otros compa\u00f1eros, uno de los cuales result\u00f3 con heridas de bala.<\/p>\n<h3><strong>M\u00e1s atr\u00e1s<\/strong><\/h3>\n<p>El 17 de marzo, fue baleada en Santiago la joven de 28 a\u00f1os de edad, Yuberlyn Herrera Ram\u00edrez, nativa de San Francisco de Macor\u00eds.<\/p>\n<p>Seg\u00fan la Polic\u00eda, la joven habr\u00eda sido atacada por su presunta pareja sentimental, quien previamente la habr\u00eda raptado. Los reportes m\u00e1s recientes de las autoridades indican que el presunto agresor habr\u00eda huido a un pa\u00eds de Sudam\u00e9rica, por un aeropuerto del Este de Rep\u00fablica Dominicana.<\/p>\n<h3><strong>El Bori<\/strong><\/h3>\n<p>La Polic\u00eda en Santiago a\u00fan no ha identificado de manera p\u00fablica a los responsables de haber disparado contra Joseph Jhon Camacho Acosta (El Bori), de 42 a\u00f1os de edad, un comerciante de nacionalidad puertorrique\u00f1a.\u00a0Camacho Acosta falleci\u00f3 el 2 de febrero del 2022.<\/p>\n<p>El comerciante fue baleado en el negocio Merluza Pizza Bar, en la carretera Licey Santiago.<\/p>\n<\/div>\n<p>Impactos: 57<\/p>","protected":false},"excerpt":{"rendered":"<p>Por\u00a0M\u00c1XIMO LAUREANO En Santiago, la muerte a tiros\u00a0de cuatro j\u00f3venes en tres d\u00edas, sumado a los reportes de robos y atracos, han sembrado el<\/p>\n","protected":false},"author":3,"featured_media":16231,"comment_status":"closed","ping_status":"closed","sticky":false,"template":"","format":"standard","meta":[],"categories":[9],"tags":[],"_links":{"self":[{"href":"https:\/\/hormigaradio.com\/index.php?rest_route=\/wp\/v2\/posts\/16229"}],"collection":[{"href":"https:\/\/hormigaradio.com\/index.php?rest_route=\/wp\/v2\/posts"}],"about":[{"href":"https:\/\/hormigaradio.com\/index.php?rest_route=\/wp\/v2\/types\/post"}],"author":[{"embeddable":true,"href":"https:\/\/hormigaradio.com\/index.php?rest_route=\/wp\/v2\/users\/3"}],"replies":[{"embeddable":true,"href":"https:\/\/hormigaradio.com\/index.php?rest_route=%2Fwp%2Fv2%2Fcomments&post=16229"}],"version-history":[{"count":3,"href":"https:\/\/hormigaradio.com\/index.php?rest_route=\/wp\/v2\/posts\/16229\/revisions"}],"predecessor-version":[{"id":16234,"href":"https:\/\/hormigaradio.com\/index.php?rest_route=\/wp\/v2\/posts\/16229\/revisions\/16234"}],"wp:featuredmedia":[{"embeddable":true,"href":"https:\/\/hormigaradio.com\/index.php?rest_route=\/wp\/v2\/media\/16231"}],"wp:attachment":[{"href":"https:\/\/hormigaradio.com\/index.php?rest_route=%2Fwp%2Fv2%2Fmedia&parent=16229"}],"wp:term":[{"taxonomy":"category","embeddable":true,"href":"https:\/\/hormigaradio.com\/index.php?rest_route=%2Fwp%2Fv2%2Fcategories&post=16229"},{"taxonomy":"post_tag","embeddable":true,"href":"https:\/\/hormigaradio.com\/index.php?rest_route=%2Fwp%2Fv2%2Ftags&post=16229"}],"curies":[{"name":"wp","href":"https:\/\/api.w.org\/{rel}","templated":true}]}}