{"id":16235,"date":"2022-05-21T03:42:26","date_gmt":"2022-05-21T03:42:26","guid":{"rendered":"https:\/\/hormigaradio.com\/?p=16235"},"modified":"2022-05-21T03:46:42","modified_gmt":"2022-05-21T03:46:42","slug":"juramentaran-en-santiago-directiva-observatorio-comunicacion-y-democracia","status":"publish","type":"post","link":"https:\/\/hormigaradio.com\/?p=16235","title":{"rendered":"JURAMENTAR\u00c1N EN SANTIAGO DIRECTIVA OBSERVATORIO COMUNICACI\u00d3N Y DEMOCRACIA"},"content":{"rendered":"<p><img loading=\"lazy\" class=\"alignleft wp-image-15152\" src=\"http:\/\/hormigaradio.com\/wp-content\/uploads\/2022\/01\/FIRMA-para-Hormiga-Radio-150x150.jpeg\" alt=\"\" width=\"76\" height=\"40\" \/><\/p>\n<p>&nbsp;<\/p>\n<p>El Observatorio Comunicaci\u00f3n y Democracia (OCD), juramentar\u00e1 la ma\u00f1ana de \u00e9ste s\u00e1bado en Santiago su directiva que tendr\u00e1 como coordinador al periodista Juan Carlos Bison\u00f3 e integrada adem\u00e1s por un equipo de profesionales de la comunicaci\u00f3n de \u00e9sta ciudad.<\/p>\n<p>Junto a Bison\u00f3 estar\u00e1n los periodistas y comunicadores; Ricardo Rodr\u00edguez Rosa como subcoordinador, Edward Fern\u00e1ndez, en educaci\u00f3n, Pablo Aguilera, actas y correspondencias, Yamira Taveras, organizaci\u00f3n, Sandy Jim\u00e9nez, comunicaci\u00f3n y Amparo Infante en Protocolo y Eventos.<\/p>\n<p>La directiva ser\u00e1 juramentada por el presidente del Observatorio Comunicaci\u00f3n y Democracia (OCD) a nivel nacional, el periodista Rafael N\u00fa\u00f1ez en un acto que se realizar\u00e1 en el Lobby Bar del Hotel Matum a las 10:00 de la ma\u00f1ana de \u00e9ste s\u00e1bado 21 de mayo 2022.<\/p>\n<p><img loading=\"lazy\" class=\"alignleft wp-image-16238 size-medium\" src=\"http:\/\/hormigaradio.com\/wp-content\/uploads\/2022\/05\/WhatsApp-Image-2022-05-20-at-10.01.19-PM-300x273.jpeg\" alt=\"\" width=\"300\" height=\"273\" srcset=\"https:\/\/hormigaradio.com\/wp-content\/uploads\/2022\/05\/WhatsApp-Image-2022-05-20-at-10.01.19-PM-300x273.jpeg 300w, https:\/\/hormigaradio.com\/wp-content\/uploads\/2022\/05\/WhatsApp-Image-2022-05-20-at-10.01.19-PM-768x698.jpeg 768w, https:\/\/hormigaradio.com\/wp-content\/uploads\/2022\/05\/WhatsApp-Image-2022-05-20-at-10.01.19-PM.jpeg 1024w\" sizes=\"(max-width: 300px) 100vw, 300px\" \/><\/p>\n<p>Los profesionales fueron elegidos recientemente a unanimidad, en una asamblea d\u00f3nde el periodista y productor radial Maxwell Reyes present\u00f3 una plancha que fue aprobada por el 70 por ciento de los miembros inscritos en el OCD que estaban presentes en el encuentro.<\/p>\n<p>El Observatorio Comunicaci\u00f3n y Democracia (OCD), es un espacio de reflexi\u00f3n, coordinaci\u00f3n y concertaci\u00f3n de acciones relacionadas al ser y quehacer de los medios de comunicaci\u00f3n, en tanto instancias que contribuyen en la construcci\u00f3n del sistema democr\u00e1tico en la Rep\u00fablica Dominicana.<\/p>\n<p>El objetivo del Observatorio es desarrollar un conjunto de acciones que permitan dar a conocer al pa\u00eds informaci\u00f3n permanente sobre el contenido de los medios, enfatizando en la calidad de la informaci\u00f3n suministrada, y el modo en que los medios inciden en la percepci\u00f3n de sus audiencias y en las tomas de decisiones del entorno pol\u00edtico, econ\u00f3mico y social del pa\u00eds.<\/p>\n<p>Tambi\u00e9n incluye la planificaci\u00f3n, organizaci\u00f3n e implementaci\u00f3n de programas de formaci\u00f3n encaminadas a mejorar las competencias profesionales de los comunicadores en el ser y quehacer de los medios de comunicaci\u00f3n y su relaci\u00f3n con la democracia.<\/p>\n<p>Impactos: 88<\/p>","protected":false},"excerpt":{"rendered":"<p>&nbsp; El Observatorio Comunicaci\u00f3n y Democracia (OCD), juramentar\u00e1 la ma\u00f1ana de \u00e9ste s\u00e1bado en Santiago su directiva que tendr\u00e1 como coordinador al periodista Juan<\/p>\n","protected":false},"author":3,"featured_media":16238,"comment_status":"closed","ping_status":"closed","sticky":false,"template":"","format":"standard","meta":[],"categories":[8],"tags":[],"_links":{"self":[{"href":"https:\/\/hormigaradio.com\/index.php?rest_route=\/wp\/v2\/posts\/16235"}],"collection":[{"href":"https:\/\/hormigaradio.com\/index.php?rest_route=\/wp\/v2\/posts"}],"about":[{"href":"https:\/\/hormigaradio.com\/index.php?rest_route=\/wp\/v2\/types\/post"}],"author":[{"embeddable":true,"href":"https:\/\/hormigaradio.com\/index.php?rest_route=\/wp\/v2\/users\/3"}],"replies":[{"embeddable":true,"href":"https:\/\/hormigaradio.com\/index.php?rest_route=%2Fwp%2Fv2%2Fcomments&post=16235"}],"version-history":[{"count":3,"href":"https:\/\/hormigaradio.com\/index.php?rest_route=\/wp\/v2\/posts\/16235\/revisions"}],"predecessor-version":[{"id":16240,"href":"https:\/\/hormigaradio.com\/index.php?rest_route=\/wp\/v2\/posts\/16235\/revisions\/16240"}],"wp:featuredmedia":[{"embeddable":true,"href":"https:\/\/hormigaradio.com\/index.php?rest_route=\/wp\/v2\/media\/16238"}],"wp:attachment":[{"href":"https:\/\/hormigaradio.com\/index.php?rest_route=%2Fwp%2Fv2%2Fmedia&parent=16235"}],"wp:term":[{"taxonomy":"category","embeddable":true,"href":"https:\/\/hormigaradio.com\/index.php?rest_route=%2Fwp%2Fv2%2Fcategories&post=16235"},{"taxonomy":"post_tag","embeddable":true,"href":"https:\/\/hormigaradio.com\/index.php?rest_route=%2Fwp%2Fv2%2Ftags&post=16235"}],"curies":[{"name":"wp","href":"https:\/\/api.w.org\/{rel}","templated":true}]}}