{"id":16245,"date":"2022-05-21T14:26:26","date_gmt":"2022-05-21T14:26:26","guid":{"rendered":"https:\/\/hormigaradio.com\/?p=16245"},"modified":"2022-05-21T14:27:06","modified_gmt":"2022-05-21T14:27:06","slug":"presidente-abinader-llega-a-suiza-participara-en-asamblea-mundial-de-la-salud-y-foro-economico-mundial","status":"publish","type":"post","link":"https:\/\/hormigaradio.com\/?p=16245","title":{"rendered":"PRESIDENTE ABINADER LLEGA A SUIZA; PARTICIPAR\u00c1 EN ASAMBLEA MUNDIAL DE LA SALUD Y FORO ECON\u00d3MICO MUNDIAL"},"content":{"rendered":"<p><img loading=\"lazy\" class=\"alignleft wp-image-15152\" src=\"http:\/\/hormigaradio.com\/wp-content\/uploads\/2022\/01\/FIRMA-para-Hormiga-Radio-150x150.jpeg\" alt=\"\" width=\"76\" height=\"40\" \/><\/p>\n<p>&nbsp;<\/p>\n<p>Como se ten\u00eda previsto, el presidente Luis Abinader lleg\u00f3 a Suiza a las 11:30 de la ma\u00f1ana de este s\u00e1bado, hora local de este pa\u00eds, y 5:30 de la ma\u00f1ana, hora dominicana.<\/p>\n<p>En el Aeropuerto Internacional de Ginebra fue recibido por una comitiva encabezada por Pablo Valent\u00edn, embajador en Suiza y Virgilio Alc\u00e1ntara, embajador en la Sede de Rep\u00fablica Dominicana ante la Organizaci\u00f3n Mundial de la Salud (OMS).<\/p>\n<p>En el transcurso de este d\u00eda, el gobernante dar\u00e1 inicio a su agenda laboral con un encuentro con el director general de la Organizaci\u00f3n Mundial de la Salud (OMS), Tedros Adhanom Ghebreyesus, en la sede de este organismo.<\/p>\n<p>Posteriormente se reunir\u00e1 con los jefes de Estado y de Gobierno que asistir\u00e1n igualmente a la 75va Asamblea Mundial de la Salud.<\/p>\n<p>El mandatario dominicano fue invitado a participar en este evento que se celebrar\u00e1 en Ginebra, y en el Foro Econ\u00f3mico Mundial (FEM), que tendr\u00e1 lugar en Davos.<\/p>\n<p>Durante su intervenci\u00f3n, expondr\u00e1 sobre la experiencia de la Rep\u00fablica Dominicana en el manejo del COVID 19, la crisis econ\u00f3mica post-pandemia y la recuperaci\u00f3n del turismo.<\/p>\n<p>Domingo 22<\/p>\n<p>Durante este d\u00eda el presidente Abinader tendr\u00e1 su intervenci\u00f3n en la bienvenida de la 75va Asamblea Mundial de la Salud.<\/p>\n<p>La comitiva que lo acompa\u00f1a la integran el ministro de Relaciones Exteriores, Roberto \u00c1lvarez; el director de prensa del presidente, Daniel Garc\u00eda Archibald; su asistente personal, Mercedes Pichardo; Eilyn Beltran, secretario general de Gabinete del Palacio Nacional, y el general Jimmy Arias, subjefe del Cuerpo de Seguridad Presidencial.<\/p>\n<p>Agenda de actividades en Davos<\/p>\n<p>Al concluir su participaci\u00f3n, el presidente Abinader partir\u00e1 a Davos, donde se celebra el Foro Econ\u00f3mico Mundial.<\/p>\n<p>El lunes 23 sostendr\u00e1 reuniones bilaterales con importantes entes empresariales internacionales y en horas de la noche participar\u00e1 en la cena ofrecida por Klaus Mart\u00edn Schwab, fundador del Foro Econ\u00f3mico Mundial, a los jefes de Estado y de Gobierno, Organismos Internacionales e invitados especiales.<\/p>\n<p>El martes 24 participar\u00e1 en la conferencia de prensa sobre el lanzamiento del \u00edndice de Desarrollo de Viajes y Turismo y regresar\u00e1 a la Rep\u00fablica Dominicana el mi\u00e9rcoles 25.<\/p>\n<p>Como se ten\u00eda previsto, el presidente Luis Abinader lleg\u00f3 a Suiza a las 11:30 de la ma\u00f1ana de este s\u00e1bado, hora local de este pa\u00eds, y 5:30 de la ma\u00f1ana, hora dominicana.<\/p>\n<p>En el Aeropuerto Internacional de Ginebra fue recibido por una comitiva encabezada por Pablo Valent\u00edn, embajador en Suiza y Virgilio Alc\u00e1ntara, embajador en la Sede de Rep\u00fablica Dominicana ante la Organizaci\u00f3n Mundial de la Salud (OMS).<\/p>\n<p>En el transcurso de este d\u00eda, el gobernante dar\u00e1 inicio a su agenda laboral con un encuentro con el director general de la Organizaci\u00f3n Mundial de la Salud (OMS), Tedros Adhanom Ghebreyesus, en la sede de este organismo.<\/p>\n<p>Posteriormente se reunir\u00e1 con los jefes de Estado y de Gobierno que asistir\u00e1n igualmente a la 75va Asamblea Mundial de la Salud.<\/p>\n<p>El mandatario dominicano fue invitado a participar en este evento que se celebrar\u00e1 en Ginebra, y en el Foro Econ\u00f3mico Mundial (FEM), que tendr\u00e1 lugar en Davos.<\/p>\n<p>Durante su intervenci\u00f3n, expondr\u00e1 sobre la experiencia de la Rep\u00fablica Dominicana en el manejo del COVID 19, la crisis econ\u00f3mica post-pandemia y la recuperaci\u00f3n del turismo.<\/p>\n<p>Domingo 22<\/p>\n<p>Durante este d\u00eda el presidente Abinader tendr\u00e1 su intervenci\u00f3n en la bienvenida de la 75va Asamblea Mundial de la Salud.<\/p>\n<p>La comitiva que lo acompa\u00f1a la integran el ministro de Relaciones Exteriores, Roberto \u00c1lvarez; el director de prensa del presidente, Daniel Garc\u00eda Archibald; su asistente personal, Mercedes Pichardo; Eilyn Beltran, secretario general de Gabinete del Palacio Nacional, y el general Jimmy Arias, subjefe del Cuerpo de Seguridad Presidencial.<\/p>\n<p>Agenda de actividades en Davos<\/p>\n<p>Al concluir su participaci\u00f3n, el presidente Abinader partir\u00e1 a Davos, donde se celebra el Foro Econ\u00f3mico Mundial.<\/p>\n<p>El lunes 23 sostendr\u00e1 reuniones bilaterales con importantes entes empresariales internacionales y en horas de la noche participar\u00e1 en la cena ofrecida por Klaus Mart\u00edn Schwab, fundador del Foro Econ\u00f3mico Mundial, a los jefes de Estado y de Gobierno, Organismos Internacionales e invitados especiales.<\/p>\n<p>El martes 24 participar\u00e1 en la conferencia de prensa sobre el lanzamiento del \u00edndice de Desarrollo de Viajes y Turismo y regresar\u00e1 a la Rep\u00fablica Dominicana el mi\u00e9rcoles 25.<\/p>\n<p>Impactos: 23<\/p>","protected":false},"excerpt":{"rendered":"<p>&nbsp; Como se ten\u00eda previsto, el presidente Luis Abinader lleg\u00f3 a Suiza a las 11:30 de la ma\u00f1ana de este s\u00e1bado, hora local de<\/p>\n","protected":false},"author":3,"featured_media":16246,"comment_status":"closed","ping_status":"closed","sticky":false,"template":"","format":"standard","meta":[],"categories":[3],"tags":[],"_links":{"self":[{"href":"https:\/\/hormigaradio.com\/index.php?rest_route=\/wp\/v2\/posts\/16245"}],"collection":[{"href":"https:\/\/hormigaradio.com\/index.php?rest_route=\/wp\/v2\/posts"}],"about":[{"href":"https:\/\/hormigaradio.com\/index.php?rest_route=\/wp\/v2\/types\/post"}],"author":[{"embeddable":true,"href":"https:\/\/hormigaradio.com\/index.php?rest_route=\/wp\/v2\/users\/3"}],"replies":[{"embeddable":true,"href":"https:\/\/hormigaradio.com\/index.php?rest_route=%2Fwp%2Fv2%2Fcomments&post=16245"}],"version-history":[{"count":2,"href":"https:\/\/hormigaradio.com\/index.php?rest_route=\/wp\/v2\/posts\/16245\/revisions"}],"predecessor-version":[{"id":16248,"href":"https:\/\/hormigaradio.com\/index.php?rest_route=\/wp\/v2\/posts\/16245\/revisions\/16248"}],"wp:featuredmedia":[{"embeddable":true,"href":"https:\/\/hormigaradio.com\/index.php?rest_route=\/wp\/v2\/media\/16246"}],"wp:attachment":[{"href":"https:\/\/hormigaradio.com\/index.php?rest_route=%2Fwp%2Fv2%2Fmedia&parent=16245"}],"wp:term":[{"taxonomy":"category","embeddable":true,"href":"https:\/\/hormigaradio.com\/index.php?rest_route=%2Fwp%2Fv2%2Fcategories&post=16245"},{"taxonomy":"post_tag","embeddable":true,"href":"https:\/\/hormigaradio.com\/index.php?rest_route=%2Fwp%2Fv2%2Ftags&post=16245"}],"curies":[{"name":"wp","href":"https:\/\/api.w.org\/{rel}","templated":true}]}}