{"id":16249,"date":"2022-05-21T16:21:52","date_gmt":"2022-05-21T16:21:52","guid":{"rendered":"https:\/\/hormigaradio.com\/?p=16249"},"modified":"2022-05-21T16:21:52","modified_gmt":"2022-05-21T16:21:52","slug":"fiscalia-de-santiago-reapresa-imputado-que-se-escapo-de-una-sala-de-audiencias","status":"publish","type":"post","link":"https:\/\/hormigaradio.com\/?p=16249","title":{"rendered":"FISCAL\u00cdA DE SANTIAGO REAPRESA IMPUTADO QUE SE ESCAP\u00d3 DE UNA SALA DE AUDIENCIAS"},"content":{"rendered":"<p><img loading=\"lazy\" class=\"alignleft wp-image-15152\" src=\"http:\/\/hormigaradio.com\/wp-content\/uploads\/2022\/01\/FIRMA-para-Hormiga-Radio-150x150.jpeg\" alt=\"\" width=\"76\" height=\"40\" \/><\/p>\n<p>&nbsp;<\/p>\n<p class=\"m_-8792512993326316426MsoNoSpacing\"><span lang=\"ES-DO\">\u00a0La Fiscal\u00eda de Santiago reapres\u00f3 a un hombre que escap\u00f3 de una sala de audiencias el a\u00f1o pasado, en momentos en que se variaba a prisi\u00f3n preventiva la medida de coerci\u00f3n que pesaba en su contra por un caso de agresi\u00f3n agravada.<u><\/u><u><\/u><\/span><\/p>\n<p class=\"m_-8792512993326316426MsoNoSpacing\"><span lang=\"ES-DO\">El reapresado es Michael Ar\u00edstides Taveras D\u00edaz, quien intent\u00f3 evadir la justicia al escapar de la Cuarta Sala de la C\u00e1mara Penal de este distrito judicial el 22 de diciembre de 2021.<u><\/u><u><\/u><\/span><\/p>\n<p class=\"m_-8792512993326316426MsoNoSpacing\"><span lang=\"ES-DO\">Al momento de la huida del imputado, el tribunal conoc\u00eda una solicitud de levantamiento de rebeld\u00eda que pesaba en su contra, para cambiar su situaci\u00f3n a la de prisi\u00f3n preventiva.<u><\/u><u><\/u><\/span><\/p>\n<p class=\"m_-8792512993326316426MsoNoSpacing\"><span lang=\"ES-DO\">La jueza Loida Mej\u00eda, acogi\u00e9ndose al pedimento del Ministerio P\u00fablico, ordenaba la variaci\u00f3n, toda vez que el imputado falt\u00f3 a su compromiso previo, de acudir peri\u00f3dicamente ante la Fiscal\u00eda mientras se conoc\u00eda su caso.<u><\/u><u><\/u><\/span><\/p>\n<p class=\"m_-8792512993326316426MsoNoSpacing\"><span lang=\"ES-DO\">El Ministerio P\u00fablico, representado por el litigante Juan El\u00edas P\u00e9rez, demostr\u00f3 al tribunal que la prisi\u00f3n preventiva representaba la medida id\u00f3nea a imponerse contra el imputado, que est\u00e1 acusado de violar el art\u00edculo 309 del C\u00f3digo Penal, que tipifica la comisi\u00f3n de golpes y heridas agravadas contra una persona.<u><\/u><u><\/u><\/span><\/p>\n<p class=\"m_-8792512993326316426MsoNoSpacing\"><span lang=\"ES-DO\">Taveras D\u00edaz hab\u00eda atacado a golpes con un arma de fuego a Leonardo Rafael de Le\u00f3n Peralta, quien qued\u00f3 en estado hemipl\u00e9jico a consecuencia de las lesiones causadas.<u><\/u><u><\/u><\/span><\/p>\n<p class=\"m_-8792512993326316426MsoNoSpacing\"><span lang=\"ES-DO\">La contusi\u00f3n en la cabeza provoc\u00f3 que De Le\u00f3n Peralta se desplomara al suelo, ante lo que el encartado continu\u00f3 golpe\u00e1ndole hasta dejarlo inconsciente.<u><\/u><u><\/u><\/span><\/p>\n<p class=\"m_-8792512993326316426MsoNoSpacing\"><span lang=\"ES-DO\">Los estudios realizados al agredido establecen que sufri\u00f3 dificultad neurol\u00f3gica y motora, caracterizadas por una disartria y hemiplejia postrauma craneoencef\u00e1lico severo.<u><\/u><u><\/u><\/span><\/p>\n<p class=\"m_-8792512993326316426MsoNoSpacing\"><span lang=\"ES-DO\">La captura de Taveras D\u00edaz, fundamentada en el Acta de Declaratoria de Rebeld\u00eda 371-2022-TACT-00016, emitida por la Cuarta Sala de la C\u00e1mara Penal de esta demarcaci\u00f3n, permitir\u00e1 la reanudaci\u00f3n del proceso en su contra.<u><\/u><u><\/u><\/span><\/p>\n<p class=\"m_-8792512993326316426MsoNoSpacing\"><span lang=\"ES-DO\"><u><\/u>\u00a0<\/span><\/p>\n<p>Impactos: 23<\/p>","protected":false},"excerpt":{"rendered":"<p>&nbsp; \u00a0La Fiscal\u00eda de Santiago reapres\u00f3 a un hombre que escap\u00f3 de una sala de audiencias el a\u00f1o pasado, en momentos en que se<\/p>\n","protected":false},"author":3,"featured_media":15695,"comment_status":"closed","ping_status":"closed","sticky":false,"template":"","format":"standard","meta":[],"categories":[3],"tags":[],"_links":{"self":[{"href":"https:\/\/hormigaradio.com\/index.php?rest_route=\/wp\/v2\/posts\/16249"}],"collection":[{"href":"https:\/\/hormigaradio.com\/index.php?rest_route=\/wp\/v2\/posts"}],"about":[{"href":"https:\/\/hormigaradio.com\/index.php?rest_route=\/wp\/v2\/types\/post"}],"author":[{"embeddable":true,"href":"https:\/\/hormigaradio.com\/index.php?rest_route=\/wp\/v2\/users\/3"}],"replies":[{"embeddable":true,"href":"https:\/\/hormigaradio.com\/index.php?rest_route=%2Fwp%2Fv2%2Fcomments&post=16249"}],"version-history":[{"count":1,"href":"https:\/\/hormigaradio.com\/index.php?rest_route=\/wp\/v2\/posts\/16249\/revisions"}],"predecessor-version":[{"id":16250,"href":"https:\/\/hormigaradio.com\/index.php?rest_route=\/wp\/v2\/posts\/16249\/revisions\/16250"}],"wp:featuredmedia":[{"embeddable":true,"href":"https:\/\/hormigaradio.com\/index.php?rest_route=\/wp\/v2\/media\/15695"}],"wp:attachment":[{"href":"https:\/\/hormigaradio.com\/index.php?rest_route=%2Fwp%2Fv2%2Fmedia&parent=16249"}],"wp:term":[{"taxonomy":"category","embeddable":true,"href":"https:\/\/hormigaradio.com\/index.php?rest_route=%2Fwp%2Fv2%2Fcategories&post=16249"},{"taxonomy":"post_tag","embeddable":true,"href":"https:\/\/hormigaradio.com\/index.php?rest_route=%2Fwp%2Fv2%2Ftags&post=16249"}],"curies":[{"name":"wp","href":"https:\/\/api.w.org\/{rel}","templated":true}]}}