{"id":16258,"date":"2022-05-23T19:00:24","date_gmt":"2022-05-23T19:00:24","guid":{"rendered":"https:\/\/hormigaradio.com\/?p=16258"},"modified":"2022-05-23T19:03:51","modified_gmt":"2022-05-23T19:03:51","slug":"falla-mecanica-deja-fuera-de-servicio-tramo-1-del-teleferico-de-santo-domingo","status":"publish","type":"post","link":"https:\/\/hormigaradio.com\/?p=16258","title":{"rendered":"FALLA MEC\u00c1NICA DEJA FUERA DE SERVICIO TRAMO 1 DEL TELEF\u00c9RICO DE SANTO DOMINGO"},"content":{"rendered":"<p>Por\u00a0<a class=\"text-font font-700\" href=\"https:\/\/acento.com.do\/autor\/index.html?user_slug=servicios\">SERVICIOS DE ACENTO.COM.DO<\/a><\/p>\n<p>El\u00a0<strong>Telef\u00e9rico<\/strong>\u00a0de Santo Domingo presenta una falla t\u00e9cnica que lo mantiene fuera de servicio desde la estaci\u00f3n\u00a0<strong>Gualey<\/strong>\u00a0hasta\u00a0<strong>Sabana Perdida<\/strong>, correspondientes al tramo 1, inform\u00f3 este lunes la Oficina para el Reordenamiento del Transporte (<strong>Opret<\/strong>).<\/p>\n<p>Mediante un comunicado, la instituci\u00f3n inform\u00f3 a los usuarios de que su personal &#8220;trabaja arduamente para restablecer el servicio en el tramo se\u00f1alado&#8221;, que no funciona desde primera hora de la ma\u00f1ana.<\/p>\n<p>Hasta el momento el sistema se encuentra ofreciendo servicio solo en el tramo 2, desde la estaci\u00f3n de\u00a0<strong>Sabana Perdida<\/strong>\u00a0hasta\u00a0<strong>Charles de Gaulle<\/strong>, indic\u00f3 la\u00a0<strong>Opret.<\/strong><\/p>\n<p>Impactos: 26<\/p>","protected":false},"excerpt":{"rendered":"<p>Por\u00a0SERVICIOS DE ACENTO.COM.DO El\u00a0Telef\u00e9rico\u00a0de Santo Domingo presenta una falla t\u00e9cnica que lo mantiene fuera de servicio desde la estaci\u00f3n\u00a0Gualey\u00a0hasta\u00a0Sabana Perdida, correspondientes al tramo 1,<\/p>\n","protected":false},"author":3,"featured_media":16260,"comment_status":"closed","ping_status":"closed","sticky":false,"template":"","format":"standard","meta":[],"categories":[3],"tags":[],"_links":{"self":[{"href":"https:\/\/hormigaradio.com\/index.php?rest_route=\/wp\/v2\/posts\/16258"}],"collection":[{"href":"https:\/\/hormigaradio.com\/index.php?rest_route=\/wp\/v2\/posts"}],"about":[{"href":"https:\/\/hormigaradio.com\/index.php?rest_route=\/wp\/v2\/types\/post"}],"author":[{"embeddable":true,"href":"https:\/\/hormigaradio.com\/index.php?rest_route=\/wp\/v2\/users\/3"}],"replies":[{"embeddable":true,"href":"https:\/\/hormigaradio.com\/index.php?rest_route=%2Fwp%2Fv2%2Fcomments&post=16258"}],"version-history":[{"count":1,"href":"https:\/\/hormigaradio.com\/index.php?rest_route=\/wp\/v2\/posts\/16258\/revisions"}],"predecessor-version":[{"id":16259,"href":"https:\/\/hormigaradio.com\/index.php?rest_route=\/wp\/v2\/posts\/16258\/revisions\/16259"}],"wp:featuredmedia":[{"embeddable":true,"href":"https:\/\/hormigaradio.com\/index.php?rest_route=\/wp\/v2\/media\/16260"}],"wp:attachment":[{"href":"https:\/\/hormigaradio.com\/index.php?rest_route=%2Fwp%2Fv2%2Fmedia&parent=16258"}],"wp:term":[{"taxonomy":"category","embeddable":true,"href":"https:\/\/hormigaradio.com\/index.php?rest_route=%2Fwp%2Fv2%2Fcategories&post=16258"},{"taxonomy":"post_tag","embeddable":true,"href":"https:\/\/hormigaradio.com\/index.php?rest_route=%2Fwp%2Fv2%2Ftags&post=16258"}],"curies":[{"name":"wp","href":"https:\/\/api.w.org\/{rel}","templated":true}]}}