{"id":16385,"date":"2022-06-03T12:38:28","date_gmt":"2022-06-03T12:38:28","guid":{"rendered":"https:\/\/hormigaradio.com\/?p=16385"},"modified":"2022-06-03T12:40:31","modified_gmt":"2022-06-03T12:40:31","slug":"declarada-de-utilidad-publica-por-seguridad-nacional-franja-a-lo-largo-de-los-391-6-km-de-la-frontera","status":"publish","type":"post","link":"https:\/\/hormigaradio.com\/?p=16385","title":{"rendered":"DECLARADA DE UTILIDAD P\u00daBLICA POR SEGURIDAD NACIONAL FRANJA A LO LARGO DE LOS 391.6 KM DE LA FRONTERA"},"content":{"rendered":"<div class=\"article-body-content\">\n<div id=\"news-4-1\" class=\"banner-box dfp-async loaded\" data-bannerdesktop=\"true\" data-bannermobile=\"false\" data-google-query-id=\"CIif8PWlkfgCFRJC7AodUKYFrA\">\n<div id=\"google_ads_iframe_5168668\/News_Middle_01_0__container__\">Por <a class=\"text-font font-700\" href=\"https:\/\/acento.com.do\/autor\/index.html?user_slug=servicios\">SERVICIOS DE ACENTO.COM.DO<\/a><\/div>\n<div>El Poder Ejecutivo emiti\u00f3 el decreto 292-22 que <strong>declara de utilidad p\u00fablica e inter\u00e9s social, por razones de seguridad nacional, una franja de 200 metros<\/strong>\u00a0lineales hacia territorio dominicano,\u00a0<strong>a lo largo de los 391.6 km que constituye la l\u00ednea fronteriza dominico-haitiana.<\/strong><\/div>\n<div><img loading=\"lazy\" class=\"alignleft wp-image-16389 size-large\" src=\"http:\/\/hormigaradio.com\/wp-content\/uploads\/2022\/06\/WhatsApp-Image-2022-05-27-at-10.30.30-AM-1-1024x576.jpeg\" alt=\"\" width=\"715\" height=\"402\" srcset=\"https:\/\/hormigaradio.com\/wp-content\/uploads\/2022\/06\/WhatsApp-Image-2022-05-27-at-10.30.30-AM-1-1024x576.jpeg 1024w, https:\/\/hormigaradio.com\/wp-content\/uploads\/2022\/06\/WhatsApp-Image-2022-05-27-at-10.30.30-AM-1-300x169.jpeg 300w, https:\/\/hormigaradio.com\/wp-content\/uploads\/2022\/06\/WhatsApp-Image-2022-05-27-at-10.30.30-AM-1-768x432.jpeg 768w, https:\/\/hormigaradio.com\/wp-content\/uploads\/2022\/06\/WhatsApp-Image-2022-05-27-at-10.30.30-AM-1-1536x864.jpeg 1536w, https:\/\/hormigaradio.com\/wp-content\/uploads\/2022\/06\/WhatsApp-Image-2022-05-27-at-10.30.30-AM-1.jpeg 1600w\" sizes=\"(max-width: 715px) 100vw, 715px\" \/><\/div>\n<\/div>\n<p>&nbsp;<\/p>\n<p>Estos terrenos ser\u00e1n utilizados para la construcci\u00f3n de la\u00a0<strong>verja perimetral<\/strong>\u00a0y se declara de<strong>\u00a0urgencia<\/strong>\u00a0que el Estado dominicano entre en posesi\u00f3n del indicado inmueble, a trav\u00e9s del Ministerio de Defensa (MIDE), a fin de que<strong>\u00a0de inmediato puedan iniciarse los trabajos de construcci\u00f3n.<\/strong><\/p>\n<p>&#8220;La aplicaci\u00f3n de los terrenos impactados por esta declaraci\u00f3n de utilidad p\u00fablica ir\u00e1\u00a0desde<strong>\u00a0treinta metros (30 m) en las zonas pobladas<\/strong>\u00a0con edificaciones o infraestructuras, hasta<strong>\u00a0doscientos metros (200 m) en terrenos deshabitados<\/strong>&#8220;, dice el decreto.<\/p>\n<p>A\u00f1ade que,<strong>\u00a0&#8220;en caso de no llegarse a un acuerdo amigable con el propietario del inmueble\u00a0afectado<\/strong>\u00a0para su traspaso al Estado dominicano, el Ministerio de Defensa (MIDE) realizar\u00e1\u00a0todos los actos, procedimientos y recursos, tanto ordinarios como extraordinarios, de acuerdo a\u00a0las leyes, para obtener la expropiaci\u00f3n&#8221;.\u00a0Esos terrenos\u00a0ser\u00e1n pagadas con fondos provenientes del MIDE.<\/p>\n<p><iframe loading=\"lazy\" src=\"https:\/\/drive.google.com\/file\/d\/1ep1HoMAoBz5C2t5bHg2JXQobd_J0v89z\/preview\" width=\"640\" height=\"480\" data-mce-fragment=\"1\"><\/iframe><\/p>\n<\/div>\n<div id=\"tags\" class=\"tags flex-container align-center flex-wrap\"><a class=\"single-tag\" href=\"https:\/\/acento.com.do\/tags.html?tag=expropiacion-de-terrenos\">EXPROPIACI\u00d3N DE TERRENOS<\/a><a class=\"single-tag\" href=\"https:\/\/acento.com.do\/tags.html?tag=verja-perimetral\">VERJA PERIMETRAL<\/a><\/div>\n<p>Impactos: 35<\/p>","protected":false},"excerpt":{"rendered":"<p>Por SERVICIOS DE ACENTO.COM.DO El Poder Ejecutivo emiti\u00f3 el decreto 292-22 que declara de utilidad p\u00fablica e inter\u00e9s social, por razones de seguridad nacional,<\/p>\n","protected":false},"author":3,"featured_media":16387,"comment_status":"closed","ping_status":"closed","sticky":false,"template":"","format":"standard","meta":[],"categories":[3],"tags":[],"_links":{"self":[{"href":"https:\/\/hormigaradio.com\/index.php?rest_route=\/wp\/v2\/posts\/16385"}],"collection":[{"href":"https:\/\/hormigaradio.com\/index.php?rest_route=\/wp\/v2\/posts"}],"about":[{"href":"https:\/\/hormigaradio.com\/index.php?rest_route=\/wp\/v2\/types\/post"}],"author":[{"embeddable":true,"href":"https:\/\/hormigaradio.com\/index.php?rest_route=\/wp\/v2\/users\/3"}],"replies":[{"embeddable":true,"href":"https:\/\/hormigaradio.com\/index.php?rest_route=%2Fwp%2Fv2%2Fcomments&post=16385"}],"version-history":[{"count":3,"href":"https:\/\/hormigaradio.com\/index.php?rest_route=\/wp\/v2\/posts\/16385\/revisions"}],"predecessor-version":[{"id":16390,"href":"https:\/\/hormigaradio.com\/index.php?rest_route=\/wp\/v2\/posts\/16385\/revisions\/16390"}],"wp:featuredmedia":[{"embeddable":true,"href":"https:\/\/hormigaradio.com\/index.php?rest_route=\/wp\/v2\/media\/16387"}],"wp:attachment":[{"href":"https:\/\/hormigaradio.com\/index.php?rest_route=%2Fwp%2Fv2%2Fmedia&parent=16385"}],"wp:term":[{"taxonomy":"category","embeddable":true,"href":"https:\/\/hormigaradio.com\/index.php?rest_route=%2Fwp%2Fv2%2Fcategories&post=16385"},{"taxonomy":"post_tag","embeddable":true,"href":"https:\/\/hormigaradio.com\/index.php?rest_route=%2Fwp%2Fv2%2Ftags&post=16385"}],"curies":[{"name":"wp","href":"https:\/\/api.w.org\/{rel}","templated":true}]}}