{"id":16445,"date":"2022-06-06T23:49:03","date_gmt":"2022-06-06T23:49:03","guid":{"rendered":"https:\/\/hormigaradio.com\/?p=16445"},"modified":"2022-06-07T00:43:05","modified_gmt":"2022-06-07T00:43:05","slug":"16445","status":"publish","type":"post","link":"https:\/\/hormigaradio.com\/?p=16445","title":{"rendered":"MINISTERIO P\u00daBLICO PRESENTAR\u00c1 CARGOS CONTRA IMPUTADO DEL ASESINATO DEL MINISTRO DE MEDIO AMBIENTE, ORLANDO JORGE MERA"},"content":{"rendered":"<p><img loading=\"lazy\" class=\"alignleft wp-image-15152\" src=\"http:\/\/hormigaradio.com\/wp-content\/uploads\/2022\/01\/FIRMA-para-Hormiga-Radio-150x150.jpeg\" alt=\"\" width=\"76\" height=\"40\" \/><\/p>\n<p>&nbsp;<\/p>\n<p>El Ministerio P\u00fablico tiene bajo arresto al imputado Fausto Miguel de Jes\u00fas Cruz de la Mota, confeso autor del asesinato a balazos del ministro de Medio Ambiente, Orlando Jorge Mera, ocurrido la ma\u00f1ana de este lunes.<br \/>\nEl Ministerio P\u00fablico explic\u00f3 que Cruz de la Mota, de 56 a\u00f1os de edad, cometi\u00f3 el hecho en el despacho de Jorge Mera, ubicado en el Ministerio de Medio Ambiente, en la avenida Luper\u00f3n, de esta capital, y luego huy\u00f3 hacia la Iglesia Jesucristo, Sumo y Eterno Sacerdote, ubicada en la urbanizaci\u00f3n Real.<br \/>\nEn el templo religioso, Cruz de la Mota entreg\u00f3 la pistola a un cura a quien le explic\u00f3 que hab\u00eda cometido un crimen, aunque sin identificar a la v\u00edctima.<br \/>\nEn cuanto tuvo noticia del hecho, la procuradora general de la Rep\u00fablica, magistrada Miriam Germ\u00e1n Brito, dispuso que un amplio equipo de fiscales, encabezado por la procuradora adjunta Yeni Berenice Reynoso, directora general de Persecuci\u00f3n del Ministerio P\u00fablico, se presentara al lugar del hecho en las instalaciones de Medio Ambiente.<\/p>\n<figure id=\"attachment_16450\" aria-describedby=\"caption-attachment-16450\" style=\"width: 335px\" class=\"wp-caption alignleft\"><img loading=\"lazy\" class=\"wp-image-16450 size-full\" src=\"http:\/\/hormigaradio.com\/wp-content\/uploads\/2022\/06\/WhatsApp-Image-2022-06-06-at-6.54.32-PM-1-1.jpeg\" alt=\"\" width=\"335\" height=\"385\" srcset=\"https:\/\/hormigaradio.com\/wp-content\/uploads\/2022\/06\/WhatsApp-Image-2022-06-06-at-6.54.32-PM-1-1.jpeg 335w, https:\/\/hormigaradio.com\/wp-content\/uploads\/2022\/06\/WhatsApp-Image-2022-06-06-at-6.54.32-PM-1-1-261x300.jpeg 261w\" sizes=\"(max-width: 335px) 100vw, 335px\" \/><figcaption id=\"caption-attachment-16450\" class=\"wp-caption-text\"><strong><em>Orlando Jorge Mera.<\/em><\/strong><\/figcaption><\/figure>\n<p>Desde Medio Ambiente, la directora general de Persecuci\u00f3n estableci\u00f3 contacto v\u00eda telef\u00f3nica con el investigado, quien le dijo que se entregar\u00eda si el Ministerio P\u00fablico le garantizaba la vida.<br \/>\nDe inmediato, hasta el templo se trasladaron la procuradora adjunta Yeni Berenice, as\u00ed como el mayor general Eduardo Alberto Then y el general Amauri Van Troi Tejada Cruz, responsables de la Polic\u00eda Nacional y de la Direcci\u00f3n Central de Investigaci\u00f3n (Dicrim), quienes han estado desde el inicio en las investigaciones.<br \/>\nLuego de hacer el levantamiento de las evidencias, el Ministerio P\u00fablico y los investigadores trasladaron al imputado a la Direcci\u00f3n General de Persecuci\u00f3n, en donde un equipo de fiscales trabaja, en coordinaci\u00f3n con la Fiscal\u00eda del Distrito Nacional, para la presentaci\u00f3n de cargos preliminares.<br \/>\nEl Ministerio P\u00fablico maneja la teor\u00eda inicial de que se trat\u00f3 de un asesinato y ahonda en las investigaciones para determinar las circunstancias objetivas del mismo y para la presentaci\u00f3n de cargos contra el imputado ante los tribunales.<br \/>\nLuego de ocurrido el hecho de sangre unidades policiales y militares tomaron el control de la sede del Ministerio de Medio Ambiente y sus alrededores.<br \/>\nT\u00e9cnicos del Instituto Nacional de Ciencias Forenses (Inacif) trasladaron el cad\u00e1ver a la morgue del cementerio Cristo Redentor para practicarle una necropsia.<\/p>\n<p>Impactos: 22<\/p>","protected":false},"excerpt":{"rendered":"<p>&nbsp; El Ministerio P\u00fablico tiene bajo arresto al imputado Fausto Miguel de Jes\u00fas Cruz de la Mota, confeso autor del asesinato a balazos del<\/p>\n","protected":false},"author":3,"featured_media":16448,"comment_status":"closed","ping_status":"closed","sticky":false,"template":"","format":"standard","meta":[],"categories":[3],"tags":[],"_links":{"self":[{"href":"https:\/\/hormigaradio.com\/index.php?rest_route=\/wp\/v2\/posts\/16445"}],"collection":[{"href":"https:\/\/hormigaradio.com\/index.php?rest_route=\/wp\/v2\/posts"}],"about":[{"href":"https:\/\/hormigaradio.com\/index.php?rest_route=\/wp\/v2\/types\/post"}],"author":[{"embeddable":true,"href":"https:\/\/hormigaradio.com\/index.php?rest_route=\/wp\/v2\/users\/3"}],"replies":[{"embeddable":true,"href":"https:\/\/hormigaradio.com\/index.php?rest_route=%2Fwp%2Fv2%2Fcomments&post=16445"}],"version-history":[{"count":4,"href":"https:\/\/hormigaradio.com\/index.php?rest_route=\/wp\/v2\/posts\/16445\/revisions"}],"predecessor-version":[{"id":16451,"href":"https:\/\/hormigaradio.com\/index.php?rest_route=\/wp\/v2\/posts\/16445\/revisions\/16451"}],"wp:featuredmedia":[{"embeddable":true,"href":"https:\/\/hormigaradio.com\/index.php?rest_route=\/wp\/v2\/media\/16448"}],"wp:attachment":[{"href":"https:\/\/hormigaradio.com\/index.php?rest_route=%2Fwp%2Fv2%2Fmedia&parent=16445"}],"wp:term":[{"taxonomy":"category","embeddable":true,"href":"https:\/\/hormigaradio.com\/index.php?rest_route=%2Fwp%2Fv2%2Fcategories&post=16445"},{"taxonomy":"post_tag","embeddable":true,"href":"https:\/\/hormigaradio.com\/index.php?rest_route=%2Fwp%2Fv2%2Ftags&post=16445"}],"curies":[{"name":"wp","href":"https:\/\/api.w.org\/{rel}","templated":true}]}}