{"id":16457,"date":"2022-06-08T04:34:12","date_gmt":"2022-06-08T04:34:12","guid":{"rendered":"https:\/\/hormigaradio.com\/?p=16457"},"modified":"2022-06-08T04:34:55","modified_gmt":"2022-06-08T04:34:55","slug":"procuradora-truena-contra-periodistas-y-pide-respetar-el-dolor-ajeno-por-muerte-de-jorge-mera","status":"publish","type":"post","link":"https:\/\/hormigaradio.com\/?p=16457","title":{"rendered":"PROCURADORA TRUENA CONTRA PERIODISTAS Y PIDE RESPETAR EL DOLOR AJENO POR MUERTE DE JORGE MERA"},"content":{"rendered":"<p>Por\u00a0<a class=\"text-font font-700\" href=\"https:\/\/acento.com.do\/autor\/index.html?user_slug=servicios\">SERVICIOS DE ACENTO.COM.DO<\/a><\/p>\n<p>La procuradora general de la Rep\u00fablica,\u00a0<strong>Miriam Germ\u00e1n Brito<\/strong>\u00a0se incomod\u00f3 este martes al ser abordada por la prensa cuando sal\u00eda de la\u00a0<strong>funeraria Blandino<\/strong>\u00a0de la avenida Abraham Lincoln, donde est\u00e1n siendo velados los restos del extinto ministro de Medio Ambiente,\u00a0<a href=\"https:\/\/acento.com.do\/actualidad\/entre-empujones-y-alboroto-velan-a-orlando-jorge-mera-9070336.html\"><strong>Orlando Jorge Mera<\/strong><\/a>.<\/p>\n<p><strong>Germ\u00e1n Brito<\/strong>\u00a0se mostr\u00f3 molesta porque varios periodistas quisieron preguntarle sobre las investigaciones acerca del asesinato de\u00a0<strong>Jorge Mera<\/strong>, a lo cual ella contest\u00f3 que no era momento de solicitar informaci\u00f3n sobre el caso y pidi\u00f3 respetar el dolor ajeno.<\/p>\n<p>\u201cLes voy a decir algo, ustedes debieran tener la suficiente condici\u00f3n humana para respetar el dolor ajeno. Esa persona que est\u00e1 ah\u00ed muerta la conozco yo desde que naci\u00f3. No atosiguen a uno con este tipo de cosa. Gracias\u201d, replic\u00f3.<\/p>\n<p>Por la muerte de\u00a0<strong>Orlando<\/strong><strong>Jorge Mera<\/strong>\u00a0fue apresado el empresario\u00a0<strong>Fausto Miguel de Jes\u00fas Cruz<\/strong>, quien luego de haber disparado al ministro en su oficina se dirigi\u00f3 a una parroquia cercana y all\u00ed confes\u00f3 el crimen al p\u00e1rroco y luego entregado a las autoridades.<\/p>\n<p>Ser\u00e1 este mi\u00e9rcoles, en horas de la tarde, cuando ser\u00e1 sepultado el cad\u00e1ver del titular de\u00a0<strong>Medio Ambiente<\/strong>. La inhumaci\u00f3n se llevar\u00e1 a cabo\u00a0en el cementerio\u00a0<strong>Puerta del Cielo.<\/strong><\/p>\n<p>Impactos: 31<\/p>","protected":false},"excerpt":{"rendered":"<p>Por\u00a0SERVICIOS DE ACENTO.COM.DO La procuradora general de la Rep\u00fablica,\u00a0Miriam Germ\u00e1n Brito\u00a0se incomod\u00f3 este martes al ser abordada por la prensa cuando sal\u00eda de la\u00a0funeraria<\/p>\n","protected":false},"author":3,"featured_media":10666,"comment_status":"closed","ping_status":"closed","sticky":false,"template":"","format":"standard","meta":[],"categories":[3],"tags":[],"_links":{"self":[{"href":"https:\/\/hormigaradio.com\/index.php?rest_route=\/wp\/v2\/posts\/16457"}],"collection":[{"href":"https:\/\/hormigaradio.com\/index.php?rest_route=\/wp\/v2\/posts"}],"about":[{"href":"https:\/\/hormigaradio.com\/index.php?rest_route=\/wp\/v2\/types\/post"}],"author":[{"embeddable":true,"href":"https:\/\/hormigaradio.com\/index.php?rest_route=\/wp\/v2\/users\/3"}],"replies":[{"embeddable":true,"href":"https:\/\/hormigaradio.com\/index.php?rest_route=%2Fwp%2Fv2%2Fcomments&post=16457"}],"version-history":[{"count":1,"href":"https:\/\/hormigaradio.com\/index.php?rest_route=\/wp\/v2\/posts\/16457\/revisions"}],"predecessor-version":[{"id":16458,"href":"https:\/\/hormigaradio.com\/index.php?rest_route=\/wp\/v2\/posts\/16457\/revisions\/16458"}],"wp:featuredmedia":[{"embeddable":true,"href":"https:\/\/hormigaradio.com\/index.php?rest_route=\/wp\/v2\/media\/10666"}],"wp:attachment":[{"href":"https:\/\/hormigaradio.com\/index.php?rest_route=%2Fwp%2Fv2%2Fmedia&parent=16457"}],"wp:term":[{"taxonomy":"category","embeddable":true,"href":"https:\/\/hormigaradio.com\/index.php?rest_route=%2Fwp%2Fv2%2Fcategories&post=16457"},{"taxonomy":"post_tag","embeddable":true,"href":"https:\/\/hormigaradio.com\/index.php?rest_route=%2Fwp%2Fv2%2Ftags&post=16457"}],"curies":[{"name":"wp","href":"https:\/\/api.w.org\/{rel}","templated":true}]}}