{"id":16660,"date":"2022-07-08T13:07:14","date_gmt":"2022-07-08T13:07:14","guid":{"rendered":"https:\/\/hormigaradio.com\/?p=16660"},"modified":"2022-07-08T13:07:14","modified_gmt":"2022-07-08T13:07:14","slug":"sigue-busqueda-de-hombre-que-se-habria-lanzado-al-rio-yaque-desde-puente-hermanos-patino","status":"publish","type":"post","link":"https:\/\/hormigaradio.com\/?p=16660","title":{"rendered":"SIGUE B\u00daSQUEDA DE  HOMBRE QUE SE  HABR\u00cdA LANZADO AL R\u00cdO YAQUE DESDE PUENTE HERMANOS  PATI\u00d1O"},"content":{"rendered":"<p>Por\u00a0<a class=\"text-font font-700\" href=\"https:\/\/acento.com.do\/autor\/index.html?user_slug=mlaureano\">M\u00c1XIMO LAUREANO<\/a><\/p>\n<p>El director en Santiago de la Defensa Civil, Francisco Arias, confirm\u00f3 que a\u00fan no es hallado el hombre que el martes antes del amanecer se lanz\u00f3 del puente Hermanos Pati\u00f1os al r\u00edo Yaque del Norte y al que identific\u00f3 como\u00a0Miguel \u00c1ngel Fr\u00edas, un mensajero del \u00e1rea empresarial.<\/p>\n<p><iframe loading=\"lazy\" src=\"https:\/\/player.vimeo.com\/video\/727606392?h=f1934addf2&amp;color=ef0000\" width=\"640\" height=\"800\" frameborder=\"0\" allowfullscreen=\"allowfullscreen\" data-mce-fragment=\"1\"><\/iframe><\/p>\n<p>Arias tambi\u00e9n ha confirmado la existencia de un v\u00eddeo, grabado por la c\u00e1mara de seguridad colocada en el puente, donde dijo que se ve al hombre cuando lleg\u00f3 en su motocicleta de trabajo y luego se lanz\u00f3 al r\u00edo.<\/p>\n<p>Este viernes los voluntarios de la Defensa Civil retomaron la b\u00fasqueda a las 8:00 de la ma\u00f1ana y\u00a0 han anunciado, que\u00a0 \u00a0han salido del per\u00edmetro de Santiago,\u00a0 para continuar el operativo.<\/p>\n<p>\u201cSiendo las 8:00 am del d\u00eda de hoy iniciamos la b\u00fasqueda del se\u00f1or Miguel \u00c1ngel Fr\u00edas, qui\u00e9n se lanz\u00f3 del puente Hermanos Pati\u00f1os a las 3:00 de la madrugada de ayer. Todav\u00eda no hemos dado con el paradero de dicho se\u00f1or, pero nos mantenemos en la b\u00fasqueda\u201d, dijo Arias.<\/p>\n<p>El hombre lleg\u00f3 al puente en su motocicleta de trabajo, la que dej\u00f3 en el lugar, y en ella se encontraron algunos documentos, incluida su c\u00e9dula de identidad y electoral.<\/p>\n<p>Miguel \u00c1ngel Fr\u00edas es una persona muy conocida en las empresas de comunicaci\u00f3n en Santiago, por su v\u00ednculo como mensajeros del \u00e1rea empresarial y con productores de programas de radio y televisi\u00f3n.<\/p>\n<p>Impactos: 38<\/p>","protected":false},"excerpt":{"rendered":"<p>Por\u00a0M\u00c1XIMO LAUREANO El director en Santiago de la Defensa Civil, Francisco Arias, confirm\u00f3 que a\u00fan no es hallado el hombre que el martes antes<\/p>\n","protected":false},"author":3,"featured_media":16661,"comment_status":"closed","ping_status":"closed","sticky":false,"template":"","format":"standard","meta":[],"categories":[3],"tags":[],"_links":{"self":[{"href":"https:\/\/hormigaradio.com\/index.php?rest_route=\/wp\/v2\/posts\/16660"}],"collection":[{"href":"https:\/\/hormigaradio.com\/index.php?rest_route=\/wp\/v2\/posts"}],"about":[{"href":"https:\/\/hormigaradio.com\/index.php?rest_route=\/wp\/v2\/types\/post"}],"author":[{"embeddable":true,"href":"https:\/\/hormigaradio.com\/index.php?rest_route=\/wp\/v2\/users\/3"}],"replies":[{"embeddable":true,"href":"https:\/\/hormigaradio.com\/index.php?rest_route=%2Fwp%2Fv2%2Fcomments&post=16660"}],"version-history":[{"count":1,"href":"https:\/\/hormigaradio.com\/index.php?rest_route=\/wp\/v2\/posts\/16660\/revisions"}],"predecessor-version":[{"id":16662,"href":"https:\/\/hormigaradio.com\/index.php?rest_route=\/wp\/v2\/posts\/16660\/revisions\/16662"}],"wp:featuredmedia":[{"embeddable":true,"href":"https:\/\/hormigaradio.com\/index.php?rest_route=\/wp\/v2\/media\/16661"}],"wp:attachment":[{"href":"https:\/\/hormigaradio.com\/index.php?rest_route=%2Fwp%2Fv2%2Fmedia&parent=16660"}],"wp:term":[{"taxonomy":"category","embeddable":true,"href":"https:\/\/hormigaradio.com\/index.php?rest_route=%2Fwp%2Fv2%2Fcategories&post=16660"},{"taxonomy":"post_tag","embeddable":true,"href":"https:\/\/hormigaradio.com\/index.php?rest_route=%2Fwp%2Fv2%2Ftags&post=16660"}],"curies":[{"name":"wp","href":"https:\/\/api.w.org\/{rel}","templated":true}]}}