{"id":16674,"date":"2022-07-12T04:34:16","date_gmt":"2022-07-12T04:34:16","guid":{"rendered":"https:\/\/hormigaradio.com\/?p=16674"},"modified":"2022-07-12T04:59:05","modified_gmt":"2022-07-12T04:59:05","slug":"conocerian-el-miercoles-medida-de-coercion-joven-imputada-por-muerte-adolescente-video","status":"publish","type":"post","link":"https:\/\/hormigaradio.com\/?p=16674","title":{"rendered":"CONOCER\u00cdAN EL MI\u00c9RCOLES MEDIDA DE COERCI\u00d3N JOVEN IMPUTADA POR MUERTE ADOLESCENTE (v\u00eddeo)"},"content":{"rendered":"<p>Por\u00a0<a class=\"text-font font-700\" href=\"https:\/\/acento.com.do\/autor\/index.html?user_slug=mlaureano\">M\u00c1XIMO LAUREANO<\/a><\/p>\n<p>El fiscal titular del distrito judicial de Moca, provincia Espaillat, Yorelbin Rivas Ferreiras, confirm\u00f3 la petici\u00f3n del Ministerio P\u00fablico de prisi\u00f3n preventiva para la joven<strong>\u00a0Anny Roelitza Mercedes Michel (Anny Berrocal)<\/strong>, imputada en la muerte de una adolescente.<\/p>\n<p><iframe loading=\"lazy\" src=\"https:\/\/player.vimeo.com\/video\/729041726?h=fe1176d064&amp;color=ef0000\" width=\"640\" height=\"800\" frameborder=\"0\" allowfullscreen=\"allowfullscreen\" data-mce-fragment=\"1\"><\/iframe><\/p>\n<p>El hecho en el cual perdi\u00f3 la vida<strong>\u00a0Nathali Michel Fermin Javier,<\/strong>\u00a0de 17 a\u00f1os de edad, ocurri\u00f3 el 5 de agosto del a\u00f1o 2021 en el barrio Jos\u00e9 Horacio Rodr\u00edguez de Moca. La imputada estaba pr\u00f3fuga desde entonces, hasta que se entreg\u00f3 en la Fiscal\u00eda local hace cuatro d\u00edas.<\/p>\n<p>El fiscal manifest\u00f3 que el proceso de la medida de coerci\u00f3n se aplaz\u00f3 para el pr\u00f3ximo mi\u00e9rcoles 13 de julio\u00a0 debido a que los abogados de la joven imputada solicitaron m\u00e1s tiempo para estudiar el caso.<\/p>\n<p>Rivas Ferreiras adelant\u00f3 que se procedi\u00f3 a solicitar prisi\u00f3n preventiva debido que se trata de una persona que estuvo pr\u00f3fuga y que se estima que no ofrece garant\u00eda de que cumplir\u00e1 con las dem\u00e1s etapas del proceso, a no ser que se la deje en prisi\u00f3n.<\/p>\n<p>Seg\u00fan las informaciones preliminares de las autoridades, la joven Anny Roelitza Mercedes Michel (Anny Berrocal) habr\u00eda matado a tiros a la adolescente de 17 a\u00f1os de edad Nathali Michel Ferm\u00edn Javier, con quien se presume que la hoy imputada ten\u00eda diferencias motivadas por celos con una pareja suya.<\/p>\n<p>Tras la entrega de la joven imputada, Mercedes Michel, en el Palacio de Justicia de Moca, donde se conocer\u00eda la medida de coerci\u00f3n, parientes de la adolescente fallecida protagonizaron una manifestaci\u00f3n en los alrededores para exigir justicia en el caso.<\/p>\n<p>Debido a que la imputada se encuentra en estado de embarazo, el fiscal Rivas Ferreiras ha se\u00f1alado que se tomar\u00e1n en cuenta todas las consideraciones que disponga la ley.<\/p>\n<p>La joven imputada, quien sumaba 11 meses pr\u00f3fuga, fue entregada a las autoridades del Ministerio P\u00fablico en compa\u00f1\u00eda de su madre y su abogado.<\/p>\n<p>Mercedes Michel, conocida en Moca como La Berrocal, no ha querido referirse a las razones que motivaron su evasi\u00f3n a la justicia tras el hecho.<\/p>\n<p>Impactos: 116<\/p>","protected":false},"excerpt":{"rendered":"<p>Por\u00a0M\u00c1XIMO LAUREANO El fiscal titular del distrito judicial de Moca, provincia Espaillat, Yorelbin Rivas Ferreiras, confirm\u00f3 la petici\u00f3n del Ministerio P\u00fablico de prisi\u00f3n preventiva<\/p>\n","protected":false},"author":3,"featured_media":16676,"comment_status":"closed","ping_status":"closed","sticky":false,"template":"","format":"standard","meta":[],"categories":[3],"tags":[],"_links":{"self":[{"href":"https:\/\/hormigaradio.com\/index.php?rest_route=\/wp\/v2\/posts\/16674"}],"collection":[{"href":"https:\/\/hormigaradio.com\/index.php?rest_route=\/wp\/v2\/posts"}],"about":[{"href":"https:\/\/hormigaradio.com\/index.php?rest_route=\/wp\/v2\/types\/post"}],"author":[{"embeddable":true,"href":"https:\/\/hormigaradio.com\/index.php?rest_route=\/wp\/v2\/users\/3"}],"replies":[{"embeddable":true,"href":"https:\/\/hormigaradio.com\/index.php?rest_route=%2Fwp%2Fv2%2Fcomments&post=16674"}],"version-history":[{"count":1,"href":"https:\/\/hormigaradio.com\/index.php?rest_route=\/wp\/v2\/posts\/16674\/revisions"}],"predecessor-version":[{"id":16675,"href":"https:\/\/hormigaradio.com\/index.php?rest_route=\/wp\/v2\/posts\/16674\/revisions\/16675"}],"wp:featuredmedia":[{"embeddable":true,"href":"https:\/\/hormigaradio.com\/index.php?rest_route=\/wp\/v2\/media\/16676"}],"wp:attachment":[{"href":"https:\/\/hormigaradio.com\/index.php?rest_route=%2Fwp%2Fv2%2Fmedia&parent=16674"}],"wp:term":[{"taxonomy":"category","embeddable":true,"href":"https:\/\/hormigaradio.com\/index.php?rest_route=%2Fwp%2Fv2%2Fcategories&post=16674"},{"taxonomy":"post_tag","embeddable":true,"href":"https:\/\/hormigaradio.com\/index.php?rest_route=%2Fwp%2Fv2%2Ftags&post=16674"}],"curies":[{"name":"wp","href":"https:\/\/api.w.org\/{rel}","templated":true}]}}