{"id":16689,"date":"2022-07-13T20:29:39","date_gmt":"2022-07-13T20:29:39","guid":{"rendered":"https:\/\/hormigaradio.com\/?p=16689"},"modified":"2022-07-13T23:16:56","modified_gmt":"2022-07-13T23:16:56","slug":"a-la-chirola-por-un-mes-la-mami-jordan","status":"publish","type":"post","link":"https:\/\/hormigaradio.com\/?p=16689","title":{"rendered":"A LA &#8220;CHIROLA&#8221; POR UN MES LA MAMI  JORDAN"},"content":{"rendered":"<p>Por\u00a0<a class=\"text-font font-700\" href=\"https:\/\/acento.com.do\/autor\/index.html?user_slug=servicios\">SERVICIOS DE ACENTO.COM.DO<\/a><\/p>\n<p>La\u00a0<strong>Oficina Judicial de Servicios de Atenci\u00f3n Permanente de\u00a0Santo Domingo Este<\/strong>\u00a0dict\u00f3 un mes de prisi\u00f3n preventiva en contra de\u00a0<strong>Mary Esther Rodr\u00edguez Espinal<\/strong>, mejor conocida como\u00a0<a href=\"https:\/\/acento.com.do\/actualidad\/instagramer-mami-jordan-es-apresada-y-esta-es-la-razon-9079750.html\"><strong>Mami Jordan<\/strong><\/a>, acusada de\u00a0cometer abuso psicol\u00f3gico y otros delitos en perjuicio de un adolescente a trav\u00e9s de las redes sociales.<\/p>\n<p>La medida deber\u00e1 ser cumplida en el\u00a0<strong>Centro de Correcci\u00f3n y Rehabilitaci\u00f3n Najayo Mujeres<\/strong>, en\u00a0<strong>San Crist\u00f3bal<\/strong>, seg\u00fan la disposici\u00f3n del\u00a0juez\u00a0<strong>Leomar Cruz Quezada.<\/strong><\/p>\n<p>La<strong>\u00a0Mami Jordan<\/strong>\u00a0fue apresada el pasado d\u00eda 6 con base en una orden judicial, acusada de usar las plataformas digitales para proferir insultos, difamaciones, comentarios despectivos, burlas y amenazas en contra de una mujer y su hijo de 15 a\u00f1os, de cuya identidad el\u00a0<strong>Ministerio P\u00fablico<\/strong>\u00a0hace reserva por razones legales.<\/p>\n<p>A trav\u00e9s de un comunicado, el\u00a0<strong>Ministerio P\u00fablico<\/strong>\u00a0indic\u00f3 que la acci\u00f3n se origin\u00f3 a partir de una denuncia de la madre de la v\u00edctima, quien mostr\u00f3 evidencias audiovisuales sobre los pronunciamientos, del pasado abril, emitidos en vivo por la encartada en contra de ella y de su hijo, contenidos que acumulan decenas de miles de reproducciones cada uno.<\/p>\n<p>Entre los elementos de prueba presentados a la Oficina de Atenci\u00f3n Permanente se incluyen los informes de evaluaci\u00f3n psicol\u00f3gica sobre la afectaci\u00f3n al menor de edad, quien ha expresado temor por acudir a la escuela, ya que ha sido objeto de burlas o bullying, entre otros perjuicios.<\/p>\n<p>El documento precisa que el fiscal litigante Florentino S\u00e1nchez Zabala present\u00f3 en la audiencia los elementos documentales, periciales, audiovisuales y testimoniales que justifican la medida de coerci\u00f3n solicitada.<\/p>\n<p>El expediente instrumentado por la fiscal investigadora Mariana \u00c1lvarez, con asiento en la Unidad de Atenci\u00f3n a V\u00edctimas de Violencia de G\u00e9nero, Intrafamiliar y Sexual, atribuye a los hechos violaci\u00f3n a las disposiciones contenidas en los art\u00edculos 12, 13, 14, 15, 16 y 18 de la Ley 136-03, que instituye el C\u00f3digo para la Protecci\u00f3n y los Derechos Fundamentales de Ni\u00f1os, Ni\u00f1as y Adolescentes.<\/p>\n<p>\u201cEl Estado dominicano tiene la responsabilidad de proteger a todos los ni\u00f1os, ni\u00f1as y adolescentes contra toda forma de abuso, maltrato y explotaci\u00f3n, sin importar el medio que se utilice, incluyendo el uso de internet o cualquier v\u00eda electr\u00f3nica\u201d, indica el art\u00edculo 13 de la citada norma, mientras que el 18 establece el derecho a la protecci\u00f3n de su honor, su reputaci\u00f3n e imagen propia.<\/p>\n<p>La Procuradur\u00eda Fiscal de Santo Domingo Este y Norte expres\u00f3 su confianza en que obtendr\u00e1 las debidas sanciones contra el abuso de las plataformas digitales y redes sociales como v\u00eda para atacar la dignidad y el honor de ciudadanos, en especial en casos como el presente, en el que se afecta a una persona menor de edad<\/p>\n<p>Impactos: 23<\/p>","protected":false},"excerpt":{"rendered":"<p>Por\u00a0SERVICIOS DE ACENTO.COM.DO La\u00a0Oficina Judicial de Servicios de Atenci\u00f3n Permanente de\u00a0Santo Domingo Este\u00a0dict\u00f3 un mes de prisi\u00f3n preventiva en contra de\u00a0Mary Esther Rodr\u00edguez Espinal,<\/p>\n","protected":false},"author":3,"featured_media":16691,"comment_status":"closed","ping_status":"closed","sticky":false,"template":"","format":"standard","meta":[],"categories":[3],"tags":[],"_links":{"self":[{"href":"https:\/\/hormigaradio.com\/index.php?rest_route=\/wp\/v2\/posts\/16689"}],"collection":[{"href":"https:\/\/hormigaradio.com\/index.php?rest_route=\/wp\/v2\/posts"}],"about":[{"href":"https:\/\/hormigaradio.com\/index.php?rest_route=\/wp\/v2\/types\/post"}],"author":[{"embeddable":true,"href":"https:\/\/hormigaradio.com\/index.php?rest_route=\/wp\/v2\/users\/3"}],"replies":[{"embeddable":true,"href":"https:\/\/hormigaradio.com\/index.php?rest_route=%2Fwp%2Fv2%2Fcomments&post=16689"}],"version-history":[{"count":1,"href":"https:\/\/hormigaradio.com\/index.php?rest_route=\/wp\/v2\/posts\/16689\/revisions"}],"predecessor-version":[{"id":16690,"href":"https:\/\/hormigaradio.com\/index.php?rest_route=\/wp\/v2\/posts\/16689\/revisions\/16690"}],"wp:featuredmedia":[{"embeddable":true,"href":"https:\/\/hormigaradio.com\/index.php?rest_route=\/wp\/v2\/media\/16691"}],"wp:attachment":[{"href":"https:\/\/hormigaradio.com\/index.php?rest_route=%2Fwp%2Fv2%2Fmedia&parent=16689"}],"wp:term":[{"taxonomy":"category","embeddable":true,"href":"https:\/\/hormigaradio.com\/index.php?rest_route=%2Fwp%2Fv2%2Fcategories&post=16689"},{"taxonomy":"post_tag","embeddable":true,"href":"https:\/\/hormigaradio.com\/index.php?rest_route=%2Fwp%2Fv2%2Ftags&post=16689"}],"curies":[{"name":"wp","href":"https:\/\/api.w.org\/{rel}","templated":true}]}}