{"id":16694,"date":"2022-07-15T02:51:51","date_gmt":"2022-07-15T02:51:51","guid":{"rendered":"https:\/\/hormigaradio.com\/?p=16694"},"modified":"2022-07-15T02:52:00","modified_gmt":"2022-07-15T02:52:00","slug":"administracion-niega-el-monumento-este-fuera-de-control-como-dice-abel-martinez","status":"publish","type":"post","link":"https:\/\/hormigaradio.com\/?p=16694","title":{"rendered":"ADMINISTRACI\u00d3N NIEGA EL MONUMENTO EST\u00c9 FUERA DE CONTROL, COMO DICE ABEL MART\u00cdNEZ"},"content":{"rendered":"<p>Por\u00a0<a class=\"text-font font-700\" href=\"https:\/\/acento.com.do\/autor\/index.html?user_slug=mlaureano\">M\u00c1XIMO LAUREANO<\/a><\/p>\n<p>El administrador del Monumento a los H\u00e9roes de la Restauraci\u00f3n de la Rep\u00fablica Dominicana, Marlon\u00a0 Anzelotti\u00a0 Gonz\u00e1lez, neg\u00f3 que exista una situaci\u00f3n de deterioro y descontrol ni que esa plaza p\u00fablica est\u00e9 supuestamente &#8220;invadida por haitiaqnos&#8221;, como dijo el alcalde de Santiago de los Caballeros, Abel Mart\u00ednez.<\/p>\n<p>En respuesta a una comunicaci\u00f3n p\u00fablica del alcalde y aspirante presidencial del opositor Partido de la Liberaci\u00f3n Dominicana (PLD), Marlon\u00a0 Anzelotti\u00a0 Gonz\u00e1lez expres\u00f3:<\/p>\n<p>\u201cFue una trifulca entre haitianos, el domingo, cerca de las 11:00 de la noche. Los encargados de la seguridad del \u00e1rea, los agentes del Politur y un militar que tenemos de puesto, solicitaron refuerzos a la Polic\u00eda Nacional y los revoltosos fueron apresados, y al no portar documentos fueron deportados al d\u00eda siguiente por Migraci\u00f3n\u201d.<\/p>\n<p>El administrador del Monumento agreg\u00f3 que lo ocurrido en el \u00e1rea ha llamado m\u00e1s la atenci\u00f3n por tratarse de migrantes haitianos.<\/p>\n<h2>La declaraci\u00f3n de Abel Mart\u00ednez<\/h2>\n<p>El alcalde Abel Mart\u00ednez, que ha hecho del rechazo a los migrantes haitianos su principal discurso de promoci\u00f3n de sus aspiraciones presidenciales en el PLD, sostuvo que lo ocurrido con los migrantes haitianos en la zona del Monumento es un irrespeto.<\/p>\n<p>Reiter\u00f3 su inter\u00e9s en que la alcald\u00eda cogestione el Monumento con el Ministerio de Cultura, y record\u00f3 que\u00a0 una propuesta similar la hizo en agosto de 2021 durante la gesti\u00f3n de Carmen Heredia, primera ministra de Cultura nombrada por el presidente Luis Abinader.<\/p>\n<p>Resalt\u00f3 que el Monumento no solo es un patrimonio de Santiago y la regi\u00f3n, sino de todo el pa\u00eds.<\/p>\n<p>\u201cNosotros estamos en la disposici\u00f3n de contribuir con las autoridades del Ministerio de Cultura, para preservar no solo un s\u00edmbolo de nuestra ciudad, sino, un patrimonio nuestro que hace honor a los restauradores de nuestra Independencia y as\u00ed lo hemos expresado a las autoridades que tienen bajo su tutela dicho monumento\u201d, ha dicho el alcalde Abel Mart\u00ednez.<\/p>\n<p>Impactos: 37<\/p>","protected":false},"excerpt":{"rendered":"<p>Por\u00a0M\u00c1XIMO LAUREANO El administrador del Monumento a los H\u00e9roes de la Restauraci\u00f3n de la Rep\u00fablica Dominicana, Marlon\u00a0 Anzelotti\u00a0 Gonz\u00e1lez, neg\u00f3 que exista una situaci\u00f3n<\/p>\n","protected":false},"author":3,"featured_media":13654,"comment_status":"closed","ping_status":"closed","sticky":false,"template":"","format":"standard","meta":[],"categories":[3],"tags":[],"_links":{"self":[{"href":"https:\/\/hormigaradio.com\/index.php?rest_route=\/wp\/v2\/posts\/16694"}],"collection":[{"href":"https:\/\/hormigaradio.com\/index.php?rest_route=\/wp\/v2\/posts"}],"about":[{"href":"https:\/\/hormigaradio.com\/index.php?rest_route=\/wp\/v2\/types\/post"}],"author":[{"embeddable":true,"href":"https:\/\/hormigaradio.com\/index.php?rest_route=\/wp\/v2\/users\/3"}],"replies":[{"embeddable":true,"href":"https:\/\/hormigaradio.com\/index.php?rest_route=%2Fwp%2Fv2%2Fcomments&post=16694"}],"version-history":[{"count":1,"href":"https:\/\/hormigaradio.com\/index.php?rest_route=\/wp\/v2\/posts\/16694\/revisions"}],"predecessor-version":[{"id":16695,"href":"https:\/\/hormigaradio.com\/index.php?rest_route=\/wp\/v2\/posts\/16694\/revisions\/16695"}],"wp:featuredmedia":[{"embeddable":true,"href":"https:\/\/hormigaradio.com\/index.php?rest_route=\/wp\/v2\/media\/13654"}],"wp:attachment":[{"href":"https:\/\/hormigaradio.com\/index.php?rest_route=%2Fwp%2Fv2%2Fmedia&parent=16694"}],"wp:term":[{"taxonomy":"category","embeddable":true,"href":"https:\/\/hormigaradio.com\/index.php?rest_route=%2Fwp%2Fv2%2Fcategories&post=16694"},{"taxonomy":"post_tag","embeddable":true,"href":"https:\/\/hormigaradio.com\/index.php?rest_route=%2Fwp%2Fv2%2Ftags&post=16694"}],"curies":[{"name":"wp","href":"https:\/\/api.w.org\/{rel}","templated":true}]}}