{"id":16728,"date":"2022-07-22T00:08:33","date_gmt":"2022-07-22T00:08:33","guid":{"rendered":"https:\/\/hormigaradio.com\/?p=16728"},"modified":"2022-07-22T00:08:33","modified_gmt":"2022-07-22T00:08:33","slug":"fiscal-llama-a-familiares-de-abogado-asesinado-a-tener-confianza-en-investigacion-video","status":"publish","type":"post","link":"https:\/\/hormigaradio.com\/?p=16728","title":{"rendered":"FISCAL LLAMA A FAMILIARES DE ABOGADO ASESINADO A TENER CONFIANZA EN INVESTIGACI\u00d3N (v\u00eddeo)"},"content":{"rendered":"<p>Por\u00a0<a class=\"text-font font-700\" href=\"https:\/\/acento.com.do\/autor\/index.html?user_slug=mlaureano\">M\u00c1XIMO LAUREANO<\/a><\/p>\n<p>El fiscal titular de Santiago,\u00a0<strong>Osvaldo Bonilla Hiraldo<\/strong>, llam\u00f3 a la poblaci\u00f3n de Santiago y a los familiares del abogado Basilio Guzm\u00e1n, asesinado a tiros hace un mes en su residencia en los\u00a0<strong>Cerros de Gurabo<\/strong>, a tener confianza en las investigaciones que realiza el\u00a0<strong>Ministerio P\u00fablico<\/strong>.<\/p>\n<p>Al responder preguntas en relaci\u00f3n al tema, el representante del\u00a0<strong>Ministerio P\u00fablico<\/strong>\u00a0dijo que desde que ocurri\u00f3 el hecho, se ha trabajado sin pausa para aclarar el caso y dar una respuesta a los deudos del abogado y a la poblaci\u00f3n de Santiago.<\/p>\n<p>\u201cNo nos hemos referido al tema, pero estamos trabajando. Decirle a la sociedad y familiares que conf\u00eden en el trabajo que estamos haciendo. Estamos en pasos prudentes para dar una respuesta oportuna a Santiago\u201d, agreg\u00f3 el funcionario.<\/p>\n<p><iframe loading=\"lazy\" src=\"https:\/\/player.vimeo.com\/video\/732244518?h=e716c5aa65&amp;color=ef0000\" width=\"640\" height=\"800\" frameborder=\"0\" allowfullscreen=\"allowfullscreen\" data-mce-fragment=\"1\"><\/iframe><\/p>\n<h2>Operativos<\/h2>\n<p>El fiscal\u00a0<strong>Osvaldo\u00a0<\/strong><strong>Bonilla Hiraldo<\/strong>\u00a0confirm\u00f3 el apresamiento de unas 10 personas, as\u00ed como la confiscaci\u00f3n de ocho armas de fuegos y droga en allanamientos realizados en barrios de la zona sur, Licey al Medio y otras localidades.<\/p>\n<p>El representante del\u00a0<strong>Ministerio P\u00fablico<\/strong>\u00a0dijo que se trata de operativos rutinarios (unos 12 en total), los cuales no pertenecen a un caso en espec\u00edfico.<\/p>\n<p><strong>Bonilla Hiraldo<\/strong>\u00a0asegur\u00f3 que los operativos fueron realizados en conjunto con la Polic\u00eda, con el inter\u00e9s de enfrentar la delincuencia y la criminalidad en Santiago<\/p>\n<p>Impactos: 90<\/p>","protected":false},"excerpt":{"rendered":"<p>Por\u00a0M\u00c1XIMO LAUREANO El fiscal titular de Santiago,\u00a0Osvaldo Bonilla Hiraldo, llam\u00f3 a la poblaci\u00f3n de Santiago y a los familiares del abogado Basilio Guzm\u00e1n, asesinado<\/p>\n","protected":false},"author":3,"featured_media":14710,"comment_status":"closed","ping_status":"closed","sticky":false,"template":"","format":"standard","meta":[],"categories":[3],"tags":[],"_links":{"self":[{"href":"https:\/\/hormigaradio.com\/index.php?rest_route=\/wp\/v2\/posts\/16728"}],"collection":[{"href":"https:\/\/hormigaradio.com\/index.php?rest_route=\/wp\/v2\/posts"}],"about":[{"href":"https:\/\/hormigaradio.com\/index.php?rest_route=\/wp\/v2\/types\/post"}],"author":[{"embeddable":true,"href":"https:\/\/hormigaradio.com\/index.php?rest_route=\/wp\/v2\/users\/3"}],"replies":[{"embeddable":true,"href":"https:\/\/hormigaradio.com\/index.php?rest_route=%2Fwp%2Fv2%2Fcomments&post=16728"}],"version-history":[{"count":1,"href":"https:\/\/hormigaradio.com\/index.php?rest_route=\/wp\/v2\/posts\/16728\/revisions"}],"predecessor-version":[{"id":16729,"href":"https:\/\/hormigaradio.com\/index.php?rest_route=\/wp\/v2\/posts\/16728\/revisions\/16729"}],"wp:featuredmedia":[{"embeddable":true,"href":"https:\/\/hormigaradio.com\/index.php?rest_route=\/wp\/v2\/media\/14710"}],"wp:attachment":[{"href":"https:\/\/hormigaradio.com\/index.php?rest_route=%2Fwp%2Fv2%2Fmedia&parent=16728"}],"wp:term":[{"taxonomy":"category","embeddable":true,"href":"https:\/\/hormigaradio.com\/index.php?rest_route=%2Fwp%2Fv2%2Fcategories&post=16728"},{"taxonomy":"post_tag","embeddable":true,"href":"https:\/\/hormigaradio.com\/index.php?rest_route=%2Fwp%2Fv2%2Ftags&post=16728"}],"curies":[{"name":"wp","href":"https:\/\/api.w.org\/{rel}","templated":true}]}}