{"id":16743,"date":"2022-07-26T02:46:50","date_gmt":"2022-07-26T02:46:50","guid":{"rendered":"https:\/\/hormigaradio.com\/?p=16743"},"modified":"2022-07-26T02:48:52","modified_gmt":"2022-07-26T02:48:52","slug":"16743","status":"publish","type":"post","link":"https:\/\/hormigaradio.com\/?p=16743","title":{"rendered":"MUERE AHOGADO EL DIRIGENTE DEL TRANSPORTE PERSIO VERAS"},"content":{"rendered":"<p>Por\u00a0<a class=\"text-font font-700\" href=\"https:\/\/acento.com.do\/autor\/index.html?user_slug=mlaureano\">M\u00c1XIMO LAUREANO<\/a><\/p>\n<p>Las autoridades en Santiago notificaron la muerte del dirigente del sector transporte,\u00a0<strong>Persio Antonio Veras<\/strong>, quien muri\u00f3 ahogado a ra\u00edz del\u00a0<strong>naufragio<\/strong>\u00a0de una embarcaci\u00f3n (lancha), en la costa del municipio La Isabela, provincia\u00a0<strong>Puerto Plata<\/strong>.<\/p>\n<p>Seg\u00fan los reportes preliminares,\u00a0<strong>Persio Veras<\/strong>, era parte de un grupo que hac\u00eda un recorrido familiar, acompa\u00f1ado de otras 13 personas, que pudieron ser rescatadas, tras el naufragio de la embarcaci\u00f3n.<\/p>\n<p>Sobre el accidente tambi\u00e9n se ha informado que, en el momento del naufragio, Veras no ten\u00eda puesto el chaleco salvavidas, porque se lo hab\u00eda cedido a otro de los integrantes del viaje.<\/p>\n<p><strong>Persio Antonio Ver\u00e1s<\/strong>\u00a0era un empresario y dirigente del sector transporte de Santiago Oeste\u00a0<strong>(Cienfuegos),<\/strong>\u00a0muy conocido en\u00a0<strong>Santiago de los Caballeros<\/strong>, por su forma aguerrida de hacer reclamos para defender intereses de la\u00a0<strong>ruta F<\/strong>\u00a0y otros sindicatos, en los cuales ten\u00eda incidencia.<\/p>\n<p><strong>Veras<\/strong>\u00a0tambi\u00e9n hab\u00eda sido centro de m\u00faltiples conflictos, con distintos sectores. En la actualidad estaba en libertad condicional, favorecido con una fianza y presentaci\u00f3n peri\u00f3dica, por la imputaci\u00f3n de haber\u00a0\u00a0 propinado una golpiza a un expolic\u00eda.<\/p>\n<p>Los retos del sindicalista est\u00e1n expuestos, en la funeraria Blandido, en la avenida 27 de Febrero, esquina 6 de septiembre, en la ciudad de\u00a0<strong>Santiago de los Caballeros<\/strong>.\u00a0 En este lugar han frecuentado cientos de trabajadores del transporte de la\u00a0<strong>ruta F<\/strong>\u00a0y representantes de otros corredores, que han manifestado su pesar por la muerte de Veras<\/p>\n<p>Impactos: 40<\/p>","protected":false},"excerpt":{"rendered":"<p>Por\u00a0M\u00c1XIMO LAUREANO Las autoridades en Santiago notificaron la muerte del dirigente del sector transporte,\u00a0Persio Antonio Veras, quien muri\u00f3 ahogado a ra\u00edz del\u00a0naufragio\u00a0de una embarcaci\u00f3n<\/p>\n","protected":false},"author":3,"featured_media":16744,"comment_status":"closed","ping_status":"closed","sticky":false,"template":"","format":"standard","meta":[],"categories":[3],"tags":[],"_links":{"self":[{"href":"https:\/\/hormigaradio.com\/index.php?rest_route=\/wp\/v2\/posts\/16743"}],"collection":[{"href":"https:\/\/hormigaradio.com\/index.php?rest_route=\/wp\/v2\/posts"}],"about":[{"href":"https:\/\/hormigaradio.com\/index.php?rest_route=\/wp\/v2\/types\/post"}],"author":[{"embeddable":true,"href":"https:\/\/hormigaradio.com\/index.php?rest_route=\/wp\/v2\/users\/3"}],"replies":[{"embeddable":true,"href":"https:\/\/hormigaradio.com\/index.php?rest_route=%2Fwp%2Fv2%2Fcomments&post=16743"}],"version-history":[{"count":2,"href":"https:\/\/hormigaradio.com\/index.php?rest_route=\/wp\/v2\/posts\/16743\/revisions"}],"predecessor-version":[{"id":16746,"href":"https:\/\/hormigaradio.com\/index.php?rest_route=\/wp\/v2\/posts\/16743\/revisions\/16746"}],"wp:featuredmedia":[{"embeddable":true,"href":"https:\/\/hormigaradio.com\/index.php?rest_route=\/wp\/v2\/media\/16744"}],"wp:attachment":[{"href":"https:\/\/hormigaradio.com\/index.php?rest_route=%2Fwp%2Fv2%2Fmedia&parent=16743"}],"wp:term":[{"taxonomy":"category","embeddable":true,"href":"https:\/\/hormigaradio.com\/index.php?rest_route=%2Fwp%2Fv2%2Fcategories&post=16743"},{"taxonomy":"post_tag","embeddable":true,"href":"https:\/\/hormigaradio.com\/index.php?rest_route=%2Fwp%2Fv2%2Ftags&post=16743"}],"curies":[{"name":"wp","href":"https:\/\/api.w.org\/{rel}","templated":true}]}}