{"id":16932,"date":"2022-09-05T16:35:41","date_gmt":"2022-09-05T16:35:41","guid":{"rendered":"https:\/\/hormigaradio.com\/?p=16932"},"modified":"2022-09-05T16:38:08","modified_gmt":"2022-09-05T16:38:08","slug":"presidente-deja-iniciados-los-trabajos-de-rehabilitacion-planta-potabilizadora-la-noriega-i","status":"publish","type":"post","link":"https:\/\/hormigaradio.com\/?p=16932","title":{"rendered":"PRESIDENTE DEJA INICIADOS LOS TRABAJOS DE REHABILITACI\u00d3N PLANTA POTABILIZADORA LA NORIEGA I"},"content":{"rendered":"<p><img loading=\"lazy\" class=\"alignnone wp-image-15152\" src=\"http:\/\/hormigaradio.com\/wp-content\/uploads\/2022\/01\/FIRMA-para-Hormiga-Radio-300x158.jpeg\" alt=\"\" width=\"80\" height=\"42\" \/><\/p>\n<p>Con una inversi\u00f3n que supera los 457 millones de pesos, el presidente de la Rep\u00fablica, Luis Abinader, dej\u00f3 iniciados junto a la Corporaci\u00f3n del Acueducto y Alcantarillado de Santiago (Coraasan), los trabajos de rehabilitaci\u00f3n de la planta de tratamiento de agua potable La Noriega I, la m\u00e1s importante de toda la provincia.<\/p>\n<p>El proyecto, financiado por la Agencia Francesa de Desarrollo (AFD), incluye trabajos de obra civil y equipamiento de la planta, que prev\u00e9 el impacto positivo a una poblaci\u00f3n de 850 mil personas con la producci\u00f3n de 4 metros c\u00fabicos por segundo de agua, supliendo a la zona metropolitana y a otros municipios de la provincia.<\/p>\n<p>El ingeniero Andr\u00e9s Burgos, director general de la Coraasan dijo que con la rehabilitaci\u00f3n de La Noriega I, que estuvo operando continuamente desde hace 28 a\u00f1os sin mantenimiento, se pretende eliminar las fugas y filtraciones de la planta estimadas en unos 350 litros por segundo.<\/p>\n<p>&nbsp;<\/p>\n<figure id=\"attachment_16934\" aria-describedby=\"caption-attachment-16934\" style=\"width: 715px\" class=\"wp-caption alignnone\"><img loading=\"lazy\" class=\"wp-image-16934 size-large\" src=\"http:\/\/hormigaradio.com\/wp-content\/uploads\/2022\/09\/WhatsApp-Image-2022-09-05-at-11.26.04-AM-1024x682.jpeg\" alt=\"\" width=\"715\" height=\"476\" srcset=\"https:\/\/hormigaradio.com\/wp-content\/uploads\/2022\/09\/WhatsApp-Image-2022-09-05-at-11.26.04-AM-1024x682.jpeg 1024w, https:\/\/hormigaradio.com\/wp-content\/uploads\/2022\/09\/WhatsApp-Image-2022-09-05-at-11.26.04-AM-300x200.jpeg 300w, https:\/\/hormigaradio.com\/wp-content\/uploads\/2022\/09\/WhatsApp-Image-2022-09-05-at-11.26.04-AM-768x512.jpeg 768w, https:\/\/hormigaradio.com\/wp-content\/uploads\/2022\/09\/WhatsApp-Image-2022-09-05-at-11.26.04-AM.jpeg 1280w\" sizes=\"(max-width: 715px) 100vw, 715px\" \/><figcaption id=\"caption-attachment-16934\" class=\"wp-caption-text\"><strong><em>Andr\u00e9s Burgos, director de Coraasan, ofrece detalles de la obra.<\/em><\/strong><\/figcaption><\/figure>\n<p>Burgos, destac\u00f3 que los trabajos vendr\u00e1n a contribuir con la disminuci\u00f3n del d\u00e9ficit de producci\u00f3n de agua potable en la provincia, lo que se traducir\u00eda en eficiencia y permanencia del servicio de abastecimiento a los municipios Santiago de los Caballeros, Licey al Medio, Tamboril y Pu\u00f1al.<\/p>\n<p>El ejecutivo se\u00f1al\u00f3 que esta obra marcha en consonancia con el programa de mejoramiento y apoyo a las inversiones en el sistema Cibao Central, que soporta alrededor del 70 por ciento del agua potable que utilizan los santiagueros y que incluye la reci\u00e9n rehabilitada obra\u00a0 Toma de L\u00f3pez.<\/p>\n<p>Virginie Diaz, directora de la Agencia Francesa de Desarrollo (AFD), destac\u00f3 que &#8220;el actual contexto de la urgencia clim\u00e1tica nos confirma la importancia de preservar el recurso h\u00eddrico y garantizar as\u00ed su acceso equitativo. Por esta raz\u00f3n, rehabilitar la planta de tratamiento de agua potable de mayor importancia para Santiago, La Noriega I,\u00a0 mejorando su producci\u00f3n, sin necesidad de explotar nuevos recursos h\u00eddricos, es un proyecto de gran valor para la AFD&#8221;.<\/p>\n<p>En el acto participaron, el presidente del Senado y representante por la provincia, ingeniero Eduardo Estrella; la gobernadora provincial, licenciada Rosa Santos; el presidente el Consejo de directores de Coraasan, arquitecto Conrado Asencio; el director general de Proindustria, Ulises Rodr\u00edguez; el director general de Edenorte, ingeniero Andr\u00e9s Cueto.<\/p>\n<p>Impactos: 34<\/p>","protected":false},"excerpt":{"rendered":"<p>Con una inversi\u00f3n que supera los 457 millones de pesos, el presidente de la Rep\u00fablica, Luis Abinader, dej\u00f3 iniciados junto a la Corporaci\u00f3n del<\/p>\n","protected":false},"author":3,"featured_media":16936,"comment_status":"closed","ping_status":"closed","sticky":false,"template":"","format":"standard","meta":[],"categories":[3],"tags":[],"_links":{"self":[{"href":"https:\/\/hormigaradio.com\/index.php?rest_route=\/wp\/v2\/posts\/16932"}],"collection":[{"href":"https:\/\/hormigaradio.com\/index.php?rest_route=\/wp\/v2\/posts"}],"about":[{"href":"https:\/\/hormigaradio.com\/index.php?rest_route=\/wp\/v2\/types\/post"}],"author":[{"embeddable":true,"href":"https:\/\/hormigaradio.com\/index.php?rest_route=\/wp\/v2\/users\/3"}],"replies":[{"embeddable":true,"href":"https:\/\/hormigaradio.com\/index.php?rest_route=%2Fwp%2Fv2%2Fcomments&post=16932"}],"version-history":[{"count":3,"href":"https:\/\/hormigaradio.com\/index.php?rest_route=\/wp\/v2\/posts\/16932\/revisions"}],"predecessor-version":[{"id":16937,"href":"https:\/\/hormigaradio.com\/index.php?rest_route=\/wp\/v2\/posts\/16932\/revisions\/16937"}],"wp:featuredmedia":[{"embeddable":true,"href":"https:\/\/hormigaradio.com\/index.php?rest_route=\/wp\/v2\/media\/16936"}],"wp:attachment":[{"href":"https:\/\/hormigaradio.com\/index.php?rest_route=%2Fwp%2Fv2%2Fmedia&parent=16932"}],"wp:term":[{"taxonomy":"category","embeddable":true,"href":"https:\/\/hormigaradio.com\/index.php?rest_route=%2Fwp%2Fv2%2Fcategories&post=16932"},{"taxonomy":"post_tag","embeddable":true,"href":"https:\/\/hormigaradio.com\/index.php?rest_route=%2Fwp%2Fv2%2Ftags&post=16932"}],"curies":[{"name":"wp","href":"https:\/\/api.w.org\/{rel}","templated":true}]}}