{"id":16938,"date":"2022-09-05T16:40:17","date_gmt":"2022-09-05T16:40:17","guid":{"rendered":"https:\/\/hormigaradio.com\/?p=16938"},"modified":"2022-09-05T16:41:17","modified_gmt":"2022-09-05T16:41:17","slug":"dirigencia-prm-anuncia-que-va-para-la-calle","status":"publish","type":"post","link":"https:\/\/hormigaradio.com\/?p=16938","title":{"rendered":"DIRIGENCIA PRM ANUNCIA QUE VA PARA LA CALLE"},"content":{"rendered":"<p>Por\u00a0<a class=\"text-font font-700\" href=\"https:\/\/acento.com.do\/autor\/index.html?user_slug=servicios\">SERVICIOS DE ACENTO.COM.DO<\/a><\/p>\n<p>El Partido Revolucionario Moderno\u00a0<strong>(PRM)<\/strong>\u00a0se lanzar\u00e1 a las calles este septiembre para captar nuevos militantes y aprob\u00f3 la conformaci\u00f3n de su\u00a0<a href=\"https:\/\/acento.com.do\/politica\/prm-celebra-convencion-y-elige-su-direccion-ejecutiva-9102394.html\">direcci\u00f3n ejecutiva<\/a>, entre cuyos miembros fueron elegidos el ministro de Industria,\u00a0<strong>V\u00edctor Bison\u00f3<\/strong>, y el exministro de\u00a0<strong>Educaci\u00f3n, Roberto Fulcar<\/strong>.<\/p>\n<p>La organizaci\u00f3n tambi\u00e9n incluy\u00f3 entre los miembros de su m\u00e1xima direcci\u00f3n al actor y productor de cine y televisi\u00f3n Roberto &#8216;Robertico&#8217; Salcedo, al cierre este domingo de su XXI Convenci\u00f3n Nacional Ordinaria.<\/p>\n<p>El presidente\u00a0<strong>Luis Abinader<\/strong>, la vicepresidenta\u00a0<strong>Raquel Pe\u00f1a<\/strong>\u00a0y el exgobernante\u00a0<strong>Hip\u00f3lito Mej\u00eda<\/strong>\u00a0forman parte de ese organismo, que completan decenas de dirigentes.<\/p>\n<p>El presidente del\u00a0<strong>PRM, Jos\u00e9 Ignacio Paliza<\/strong>, destac\u00f3 que m\u00e1s del 90 % de las estructuras de la organizaci\u00f3n fueron &#8220;debidamente consensuadas sin una dificultad&#8221;, ya que prim\u00f3 el hecho de &#8220;abrazar la unidad del\u00a0<strong>PRM&#8221;<\/strong>\u00a0por encima de cualquier prop\u00f3sito.<\/p>\n<p>Mientras, el presidente de la Comisi\u00f3n Nacional de Elecciones del partido,\u00a0<strong>Deligne Asenci\u00f3n<\/strong>, afirm\u00f3 que por orden del presidente Abinader los miembros de la formaci\u00f3n tendr\u00e1n como misi\u00f3n captar nuevos militantes.<\/p>\n<p>En ese orden, explic\u00f3 que desde mediados de este mes el PRM se dedicar\u00e1 a confirmar su militancia y a sumar m\u00e1s de un mill\u00f3n de nuevos miembros.<\/p>\n<p>La secretaria general del\u00a0<strong>PRM,<\/strong>\u00a0<strong>Carolina Mej\u00eda<\/strong>, afirm\u00f3 que el partido ha dado muestra de madurez desde su fundaci\u00f3n, lo que &#8220;demuestra&#8221; que est\u00e1 en la capacidad de seguir gobernando el pa\u00eds.<\/p>\n<div id=\"news-4-13\" class=\"banner-box dfp-async loaded\" data-bannerdesktop=\"true\" data-bannermobile=\"true\" data-google-query-id=\"CMqCh8KL_vkCFR4ZswAdl7sEvg\">\n<div id=\"google_ads_iframe_5168668\/News_Middle_02_0__container__\">Fulcar, destituido en agosto pasado como ministro de <strong>Educaci\u00f3n,<\/strong>\u00a0fue designado por su partido para presidir la Comisi\u00f3n Nacional de Estrategia, calificada por Paliza como &#8220;la piedra angular para el futuro triunfo del partido&#8221;.<\/div>\n<\/div>\n<p>El exfuncionario fue el director nacional de la campa\u00f1a a la Presidencia de\u00a0<strong>Abinader.<\/strong><\/p>\n<p>Bison\u00f3 estuvo militando durante casi toda su carrera pol\u00edtica en el Partido Reformista Social Cristiano\u00a0<strong>(PRSC),<\/strong>\u00a0mientras que Salcedo es hijo del exalcalde del Distrito Nacional Roberto Salcedo, quien renunci\u00f3 del Partido de la Liberaci\u00f3n Dominicana a principios de marzo de 2020<\/p>\n<p>Impactos: 34<\/p>","protected":false},"excerpt":{"rendered":"<p>Por\u00a0SERVICIOS DE ACENTO.COM.DO El Partido Revolucionario Moderno\u00a0(PRM)\u00a0se lanzar\u00e1 a las calles este septiembre para captar nuevos militantes y aprob\u00f3 la conformaci\u00f3n de su\u00a0direcci\u00f3n ejecutiva,<\/p>\n","protected":false},"author":3,"featured_media":7393,"comment_status":"closed","ping_status":"closed","sticky":false,"template":"","format":"standard","meta":[],"categories":[6],"tags":[],"_links":{"self":[{"href":"https:\/\/hormigaradio.com\/index.php?rest_route=\/wp\/v2\/posts\/16938"}],"collection":[{"href":"https:\/\/hormigaradio.com\/index.php?rest_route=\/wp\/v2\/posts"}],"about":[{"href":"https:\/\/hormigaradio.com\/index.php?rest_route=\/wp\/v2\/types\/post"}],"author":[{"embeddable":true,"href":"https:\/\/hormigaradio.com\/index.php?rest_route=\/wp\/v2\/users\/3"}],"replies":[{"embeddable":true,"href":"https:\/\/hormigaradio.com\/index.php?rest_route=%2Fwp%2Fv2%2Fcomments&post=16938"}],"version-history":[{"count":3,"href":"https:\/\/hormigaradio.com\/index.php?rest_route=\/wp\/v2\/posts\/16938\/revisions"}],"predecessor-version":[{"id":16941,"href":"https:\/\/hormigaradio.com\/index.php?rest_route=\/wp\/v2\/posts\/16938\/revisions\/16941"}],"wp:featuredmedia":[{"embeddable":true,"href":"https:\/\/hormigaradio.com\/index.php?rest_route=\/wp\/v2\/media\/7393"}],"wp:attachment":[{"href":"https:\/\/hormigaradio.com\/index.php?rest_route=%2Fwp%2Fv2%2Fmedia&parent=16938"}],"wp:term":[{"taxonomy":"category","embeddable":true,"href":"https:\/\/hormigaradio.com\/index.php?rest_route=%2Fwp%2Fv2%2Fcategories&post=16938"},{"taxonomy":"post_tag","embeddable":true,"href":"https:\/\/hormigaradio.com\/index.php?rest_route=%2Fwp%2Fv2%2Ftags&post=16938"}],"curies":[{"name":"wp","href":"https:\/\/api.w.org\/{rel}","templated":true}]}}