{"id":16947,"date":"2022-09-07T02:59:00","date_gmt":"2022-09-07T02:59:00","guid":{"rendered":"https:\/\/hormigaradio.com\/?p=16947"},"modified":"2022-09-07T02:59:00","modified_gmt":"2022-09-07T02:59:00","slug":"todos-nos-podiamos-estar-rosa-santos-sobre-la-comision-ejecutiva-prm","status":"publish","type":"post","link":"https:\/\/hormigaradio.com\/?p=16947","title":{"rendered":"\u201cTODOS NOS POD\u00cdAMOS ESTAR\u201d, ROSA SANTOS SOBRE LA COMISI\u00d3N EJECUTIVA PRM"},"content":{"rendered":"<p>Por\u00a0<a class=\"text-font font-700\" href=\"https:\/\/acento.com.do\/autor\/index.html?user_slug=mlaureano\">M\u00c1XIMO LAUREANO<\/a><\/p>\n<p>La gobernadora de Santiago y presidenta del Partido Revolucionario Dominicano\u00a0<strong>(PRM)<\/strong>\u00a0en Santiago,\u00a0<strong>Rosa Santos<\/strong>, asegur\u00f3 que la organizaci\u00f3n oficial marcha en orden, pese a las muestras de inconformidad de algunos dirigentes que fueron excluidos de la\u00a0<a href=\"https:\/\/acento.com.do\/politica\/prm-celebra-convencion-y-elige-su-direccion-ejecutiva-9102394.html\"><strong>Comisi\u00f3n Ejecutiva<\/strong><\/a>.<\/p>\n<p>\u201cTodos no pod\u00edamos estar, porque en este caso la comisi\u00f3n es m\u00e1s limitada\u201d, explic\u00f3 la funcionaria, quien se\u00f1al\u00f3 adem\u00e1s que, en estos casos de manejo internos de los partidos, hay que ser disciplinado.<\/p>\n<p>\u201cYo creo que el compromiso mayor que tenemos es hacer crecer el partido, que el partido siga en orden y trabajar, para que el Gobierno de\u00a0<strong>Luis Abinader<\/strong>\u00a0sea cada vez mejor y que nos hagamos merecedores como partido, de cuatro a\u00f1os m\u00e1s\u201d.<\/p>\n<p>La funcionaria sugiri\u00f3 a la militancia del\u00a0<strong>PRM<\/strong>\u00a0sumarse a los trabajos de fortalecimiento del partido, independientemente de que puedan surgir\u00a0<a href=\"https:\/\/acento.com.do\/politica\/prm-excluye-a-guido-alburquerque-y-otros-dirigentes-de-su-direccion-ejecutiva-9102438.html\">diferencias internas<\/a>.<\/p>\n<p>La\u00a0<a href=\"https:\/\/acento.com.do\/politica\/el-prm-se-lanzara-a-las-calles-en-septiembre-para-captar-nuevos-militantes-9102409.html\"><strong>Comisi\u00f3n Ejecutiva<\/strong><\/a>\u00a0del\u00a0<strong>PRM<\/strong>, tiene tres miembros de Santiago, que son la vicepresidenta de la Rep\u00fablica,\u00a0<strong>Raquel Pe\u00f1a Rodr\u00edguez;<\/strong>\u00a0<strong>Ulises Rodr\u00edguez<\/strong>, actual director de Proindustria, y V\u00edctor D&#8217; Aza, director de la Liga Municipal Dominicana.<\/p>\n<p>Impactos: 50<\/p>","protected":false},"excerpt":{"rendered":"<p>Por\u00a0M\u00c1XIMO LAUREANO La gobernadora de Santiago y presidenta del Partido Revolucionario Dominicano\u00a0(PRM)\u00a0en Santiago,\u00a0Rosa Santos, asegur\u00f3 que la organizaci\u00f3n oficial marcha en orden, pese a<\/p>\n","protected":false},"author":3,"featured_media":16948,"comment_status":"closed","ping_status":"closed","sticky":false,"template":"","format":"standard","meta":[],"categories":[6],"tags":[],"_links":{"self":[{"href":"https:\/\/hormigaradio.com\/index.php?rest_route=\/wp\/v2\/posts\/16947"}],"collection":[{"href":"https:\/\/hormigaradio.com\/index.php?rest_route=\/wp\/v2\/posts"}],"about":[{"href":"https:\/\/hormigaradio.com\/index.php?rest_route=\/wp\/v2\/types\/post"}],"author":[{"embeddable":true,"href":"https:\/\/hormigaradio.com\/index.php?rest_route=\/wp\/v2\/users\/3"}],"replies":[{"embeddable":true,"href":"https:\/\/hormigaradio.com\/index.php?rest_route=%2Fwp%2Fv2%2Fcomments&post=16947"}],"version-history":[{"count":1,"href":"https:\/\/hormigaradio.com\/index.php?rest_route=\/wp\/v2\/posts\/16947\/revisions"}],"predecessor-version":[{"id":16949,"href":"https:\/\/hormigaradio.com\/index.php?rest_route=\/wp\/v2\/posts\/16947\/revisions\/16949"}],"wp:featuredmedia":[{"embeddable":true,"href":"https:\/\/hormigaradio.com\/index.php?rest_route=\/wp\/v2\/media\/16948"}],"wp:attachment":[{"href":"https:\/\/hormigaradio.com\/index.php?rest_route=%2Fwp%2Fv2%2Fmedia&parent=16947"}],"wp:term":[{"taxonomy":"category","embeddable":true,"href":"https:\/\/hormigaradio.com\/index.php?rest_route=%2Fwp%2Fv2%2Fcategories&post=16947"},{"taxonomy":"post_tag","embeddable":true,"href":"https:\/\/hormigaradio.com\/index.php?rest_route=%2Fwp%2Fv2%2Ftags&post=16947"}],"curies":[{"name":"wp","href":"https:\/\/api.w.org\/{rel}","templated":true}]}}