{"id":16954,"date":"2022-09-10T23:49:54","date_gmt":"2022-09-10T23:49:54","guid":{"rendered":"https:\/\/hormigaradio.com\/?p=16954"},"modified":"2022-09-10T23:54:38","modified_gmt":"2022-09-10T23:54:38","slug":"ya-circula-mi-parecer-sobre-la-sociedad-dominicana-de-hoy-de-ramon-antonio-negro-veras","status":"publish","type":"post","link":"https:\/\/hormigaradio.com\/?p=16954","title":{"rendered":"YA CIRCULA \u201cMI PARECER SOBRE LA SOCIEDAD DOMINICANA DE HOY\u201d DE RAM\u00d3N ANTONIO NEGRO VERAS"},"content":{"rendered":"<p>Por\u00a0<a class=\"text-font font-700\" href=\"https:\/\/acento.com.do\/autor\/index.html?user_slug=servicios\">SERVICIOS DE ACENTO.COM.DO<\/a><\/p>\n<p>El libro\u00a0\u201cMi parecer sobre la sociedad dominicana de hoy\u201d\u00a0del jurista Ram\u00f3n Antonio Negro Veras fue lanzado hoy en el Centro Le\u00f3n de Santiago, en un acto donde el mismo autor explic\u00f3 que se trata de una recopilaci\u00f3n de los textos que como articulista ha publicado en diferentes diarios del pa\u00eds.<\/p>\n<p>Tuvo entre los presentadores de su nuevo libro al presidente de la Rep\u00fablica, Luis Abinader, quien\u00a0ponder\u00f3 su trayectoria de vida y, aunque se identific\u00f3 entre quienes no est\u00e1n un\u00e1nimemente de acuerdo con todas las opiniones que emite, pidi\u00f3 que se defienda su derecho a expresarlas, \u201cya que adem\u00e1s de rebelde, es una voz sincera, honesta y humanista\u201d, remarc\u00f3.<\/p>\n<p><iframe loading=\"lazy\" src=\"https:\/\/player.vimeo.com\/video\/748256619?h=e960fadc2b\" width=\"640\" height=\"480\" frameborder=\"0\" allowfullscreen=\"allowfullscreen\" data-gtm-yt-inspected-2=\"true\" data-gtm-yt-inspected-11=\"true\" data-mce-fragment=\"1\"><\/iframe><\/p>\n<p>Record\u00f3 que Negro Veras\u00a0es sobreviviente del movimiento revolucionario\u00a0\u201cLos Panfleteros de Santiago\u201d,\u00a0un grupo de j\u00f3venes que luch\u00f3 contra el r\u00e9gimen del dictador Trujillo y que mayoritariamente fueron asesinados en el centro de tortura La 40.<\/p>\n<p>A continuaci\u00f3n, la exposici\u00f3n del autor\u00a0en la puesta en circulaci\u00f3n\u00a0 del libro \u201cMi\u00a0parecer sobre la sociedad dominicana de hoy\u201d.<\/p>\n<picture class=\"image\"><img loading=\"lazy\" src=\"https:\/\/acentos3.s3.us-east-2.amazonaws.com\/media\/storage02\/uploads\/2022\/09\/845545bd-df27-4cce-8ef8-c11f5c586b39-full-728x410.webp\" alt=\"\" width=\"1280\" height=\"854\" \/><\/picture>\n<div id=\"news-4-13\" class=\"banner-box dfp-async loaded\" data-bannerdesktop=\"true\" data-bannermobile=\"true\" data-google-query-id=\"COyMk6uzi_oCFdIKTwgdBgAF3Q\">\n<div id=\"google_ads_iframe_5168668\/News_Middle_02_0__container__\"><iframe id=\"google_ads_iframe_5168668\/News_Middle_02_0\" tabindex=\"0\" title=\"3rd party ad content\" role=\"region\" name=\"google_ads_iframe_5168668\/News_Middle_02_0\" width=\"728\" height=\"90\" frameborder=\"0\" marginwidth=\"0\" marginheight=\"0\" scrolling=\"no\" aria-label=\"Advertisement\" data-load-complete=\"true\" data-google-container-id=\"6\" data-gtm-yt-inspected-2=\"true\" data-gtm-yt-inspected-11=\"true\" data-mce-fragment=\"1\"><\/iframe><\/div>\n<\/div>\n<picture class=\"image\"><img loading=\"lazy\" src=\"https:\/\/acentos3.s3.us-east-2.amazonaws.com\/media\/storage02\/uploads\/2022\/09\/whatsapp-image-2022-09-09-at-53319-pm-1-full-728x410.webp\" alt=\"\" width=\"1040\" height=\"780\" \/><\/picture><picture class=\"image\"><img loading=\"lazy\" src=\"https:\/\/acentos3.s3.us-east-2.amazonaws.com\/media\/storage02\/uploads\/2022\/09\/whatsapp-image-2022-09-09-at-53319-pm-full-728x410.webp\" alt=\"\" width=\"1040\" height=\"780\" \/><\/picture>\n<p>Quiero dar constancia de que este libro ha sido patrocinado por gentileza de CECOMSA, y la disposici\u00f3n de sus ejecutivos, los cuales deben ser imitados por todos aquellos capitalistas del pa\u00eds que han hecho su patrimonio econ\u00f3mico mediante pr\u00e1cticas normales del capitalismo,\u00a0 pensando como burgueses nacionales y no simplemente como ricos.<\/p>\n<p><strong>La motivaci\u00f3n de publicar el libro<\/strong><\/p>\n<p>A la pregunta de qu\u00e9 motiv\u00f3 a Negro Veras, a publicar el libro:\u00a0<strong>\u201cMi parecer sobre la sociedad dominicana de hoy\u201d,<\/strong>doy como respuesta lo siguiente:<\/p>\n<p>Algunos de mis verdaderos amigos y amigas, as\u00ed como familiares, me hab\u00edan expuesto la idea de que, en el futuro, edite en forma de libros los escritos que he publicado en la prensa. Luego de analizar el consejo de las personas de mis afectos, y comprender que \u201cnadie ha tenido a los dioses tan a su favor que pueda prometerse a s\u00ed mismo el d\u00eda de ma\u00f1ana\u201d, en vista de que mi porvenir est\u00e1 en el d\u00eda a d\u00eda, decid\u00ed aceptar la sugerencia y comenzar a recoger en diferentes pasajes lo que ya he desarrollado en los medios de comunicaci\u00f3n.<\/p>\n<p>Para empezar a ejecutar mi proyecto de reproducir en hojas debidamente encuadernadas lo que ya est\u00e1 en peri\u00f3dicos, me dirig\u00ed a Radham\u00e9s Acevedo, Flavio Dar\u00edo Espinal J., Jos\u00e9 David Fadul Lantigua, Johnny Gonz\u00e1lez Corona, Lincoln L\u00f3pez, Leoncio Peralta, Juan Reyes Eloy, Benjam\u00edn Rodr\u00edguez Carpio, Rafael Olivo Rodr\u00edguez Huertas, Emerson Soriano, Julio An\u00edbal Su\u00e1rez D, Mar\u00eda Alejandra Veras P., y a Rafael Emilio Yun\u00e9n, solicit\u00e1ndoles me hicieran el favor de escribir la introducci\u00f3n a los cap\u00edtulos que ya hab\u00eda escogido, y en conjunto formar\u00edan el libro.<\/p>\n<p>El libro\u00a0<strong>Mi parecer sobre la sociedad dominicana de hoy<\/strong>\u00a0est\u00e1 dividido en trece (13) cap\u00edtulos, cada uno con una introducci\u00f3n o pr\u00f3logo que se refiere al conjunto o a algunos de los escritos que componen la secci\u00f3n.<\/p>\n<p><strong>\u00a0<\/strong><strong>CAP\u00cdTULO I<\/strong><\/p>\n<p><strong>LO QUE ES UN AMIGO:<\/strong>\u00a0Al momento de proceder a desarrollar los trabajos que integran el texto, en cada uno me sent\u00ed impulsado por alguna causa. As\u00ed, por ejemplo, el m\u00f3vil para exponer mis ideas en el Cap\u00edtulo I, tom\u00e9 en cuenta lo que es la amistad aut\u00e9ntica y me inspir\u00e9 en Arsenio Ure\u00f1a, a quien, en vida, en su oportunidad le dije:<\/p>\n<p><strong>Arsenio, siempre te he dicho que t\u00fa eres de mis l\u00edderes empresariales de Santiago. Admiro en ti tu decisi\u00f3n de emprender nuevos centros de producci\u00f3n generadores de empleos. Esto ha impulsado respeto y admiraci\u00f3n hacia ti en lo mejor de la sociedad dominicana que ve en ti un hombre de bien, un gran ser humano dispuesto a extenderle la mano solidaria a quien precise de ella.<\/strong><\/p>\n<p><strong>Las lacras sociales aqu\u00ed:<\/strong>\u00a0En el\u00a0 cap\u00edtulo II, \u00a0identifico a esos individuos con los cuales nos encontramos en cualquier lugar, y muchas veces somos v\u00edctimas de sus maldades, porque no les conocemos sus caracter\u00edsticas o manera de ser, las cuales pongo de relieve.<\/p>\n<p>Qui\u00e9n no ha padecido un da\u00f1o causado por el sinverg\u00fcenza, el mentiroso, el ingrato, el traidor, el trepador social, el oportunista, el envidioso y a esa rata que es el intrigante.<\/p>\n<p><strong>\u00a0<\/strong><\/p>\n<p><strong>Las campa\u00f1as electorales:<\/strong>\u00a0El\u00a0Cap\u00edtulo III,<strong>\u00a0<\/strong>del texto, recoge lo que entiendo es parte del accionar pol\u00edtico en nuestro pa\u00eds. Por tal raz\u00f3n, me refiero a algunos asuntos de los que adolece la actividad pol\u00edtica dominicana y\u00a0en particular las campa\u00f1as electorales que padecemos, la forma de acondicionar a los votantes, ineficacia de los partidos tradicionales, la palabra en la pol\u00edtica, as\u00ed como mi apreciaci\u00f3n en el debate pol\u00edtico de hoy y la necesidad de cambiar la intervenci\u00f3n en el quehacer pol\u00edtico nacional.<\/p>\n<p><strong>La nuestra, una sociedad incapaz:<\/strong>\u00a0El Cap\u00edtulo IV, lo tomo muy en cuenta porque en el mismo expongo:\u00a0La forma como est\u00e1 organizada la\u00a0sociedad dominicana, la hace incapaz de garantizar una existencia digna; resulta inservible para generar felicidad; in\u00fatil para crear solidaridad; imposible de motivar el decoro, la honradez y las virtudes c\u00edvicas y ciudadanas. Ella es una calamidad porque es incompetente para satisfacer las necesidades materiales y espirituales m\u00e1s apremiantes de nuestro pueblo. Ella es inoperante porque no valida al ser humano por sus m\u00e9ritos, sino por su patrimonio econ\u00f3mico.<\/p>\n<p><strong>Una foto sist\u00e9mica:<\/strong>El Cap\u00edtulo V de la obra, contiene art\u00edculos que deben poner a pensar muy detenidamente a cada una de las personas que tengan la oportunidad de leer el libro que motiva el encuentro de esta tarde. As\u00ed, con el t\u00edtulo\u00a0<strong>\u201cLa lectura de una foto con sentido sist\u00e9mico\u201d,<\/strong>\u00a0me llev\u00f3 a describir algo que me impacto profundamente, y que me permito narrar as\u00ed:<\/p>\n<p>Hace unos d\u00edas, mientras caminaba por una de las principales calles de la ciudad de Santiago de los Caballeros, al momento de pasar por el frente de un negocio, observ\u00e9 en una de sus vitrinas la exhibici\u00f3n de la fotograf\u00eda de una joven embarazada acostada boca arriba y desnuda. Mi reacci\u00f3n fue de asombro, qued\u00e9 pasmado, totalmente sorprendido. Confieso que por primera vez en mi vida vi algo semejante.<\/p>\n<p>Una joven embarazada decirle a su esposo o compa\u00f1ero sentimental que le tome una foto para conservarla como recuerdo de su proceso de gestaci\u00f3n, no es nada del otro mundo. Pero una mujer pre\u00f1ada, visitar un centro fotogr\u00e1fico, desnudarse, solicitar ser retratada y autorizar que la fotograf\u00eda sea puesta a la vista del p\u00fablico, es un asunto que entra\u00f1a una conducta extra\u00f1a en la dama pre\u00f1ada, y si semejante proceder se generaliza, entonces la cuesti\u00f3n tiene un car\u00e1cter de habitualidad generacional.<\/p>\n<p>La informaci\u00f3n de que dispongo es que se ha hecho algo frecuente en jovencitas embarazadas fotografiarse desnudas y solicitarle al due\u00f1o del estudio fotogr\u00e1fico que exhiba la foto. El hecho de que este proceder se haya hecho com\u00fan y corriente nos dice que hay todo un segmento de la sociedad dominicana que moralmente lo ve normal. De seguro que nunca le pas\u00f3 por la mente a la abuela de la joven fotografiada, estando embarazada, posar boca arriba desnuda para fotografiarse y luego pedir que la foto fuera puesta a la vista del p\u00fablico.<\/p>\n<p><strong>\u00a0<\/strong><\/p>\n<p><strong>CAP\u00cdTULO VI<\/strong><\/p>\n<p><strong>La sociedad dominicana no se sostiene solamente con zonas francas, turismo, pr\u00e9stamos y remesas<\/strong><\/p>\n<p>En el Cap\u00edtulo VI del libro que comentamos, sin mucho esfuerzo, podemos comprobar lo que lamentamos tener en educaci\u00f3n y conducta.<\/p>\n<p>De esta secci\u00f3n he retenido tres ideas. Las cuales son:<\/p>\n<ol>\n<li>a) Aquel que ponga en duda, o desconf\u00eda de la certeza de la bajeza moral de la sociedad en que vivimos, le basta con saber que el movimiento econ\u00f3mico nacional tambi\u00e9n se alimenta, entre otras cosas, de recursos econ\u00f3micos provenientes del tr\u00e1fico de drogas narc\u00f3ticas; armas y personas f\u00edsicas; del dinero lavado de operaciones del crimen organizado; de la prostituci\u00f3n de ni\u00f1as, ni\u00f1os y adolescentes; del trabajo infantil y de otras actividades que tienen su fuente en la corrupci\u00f3n, la degradaci\u00f3n, la deshonestidad y el envilecimiento m\u00e1s repugnante.<\/li>\n<\/ol>\n<ol>\n<li>b) La realidad nos dice que no podemos seguir como hasta ahora, que esto tiene que cambiar para bien. Es imposible seguir viviendo en igual forma de comportamiento; perpetuar lo que estamos practicando desdice de nosotros como pueblo del siglo veintiuno; prolongar el estado de desorden ser\u00eda un desatino, un absurdo. Esto tiene que cesar, debemos hacer un alto en el camino que nos est\u00e1 llevando a la sinraz\u00f3n.<\/li>\n<\/ol>\n<ol>\n<li>c) El derrotero por el cual vamos pinta mal. El camino que estamos trillando no nos lleva a buen destino; el comportamiento, la conducta que exhibe la generalidad de los dominicanos y las dominicanas no es nada halag\u00fce\u00f1a. El panorama es, lamentablemente, desalentador. Y que conste, soy optimista, pero trato de ser realista; me gusta tener mi reloj en hora con respecto a la realidad nacional.<\/li>\n<\/ol>\n<p><strong>CAPITULO VII<\/strong><\/p>\n<p><strong>LA FAMILIA,<\/strong>\u00a0porque es la c\u00e9lula principal de la sociedad humana, en el libro no pod\u00eda dejar de referirme a ella y pintarla tal cual es en la actualidad en nuestro pa\u00eds.<\/p>\n<p>La depravaci\u00f3n que hoy exhiben diferentes segmentos de la sociedad, es la ausencia de una correcta orientaci\u00f3n hogare\u00f1a. Las ni\u00f1as y los ni\u00f1os que en nuestro pa\u00eds andan por esas calles de Dios, compitiendo para ver cu\u00e1l es el m\u00e1s crapuloso, malcriado y pervertido, son v\u00edctimas de una paternidad tragada por el medio social que desconoce la decencia y lo virtuoso.<\/p>\n<p><strong>\u00a0<\/strong><\/p>\n<p><strong>CAP\u00cdTULO VIII<\/strong><\/p>\n<p><strong>Comunistas y cat\u00f3licos.<\/strong>Creo firmemente que en el\u00a0 mundo terrenal, comunistas y cat\u00f3licos pueden luchar juntos contra las injusticias, aunque luego, en el cielo, \u00a0cada quien ocupar\u00e1 su lugar, sea en la gloria o en el infierno.<\/p>\n<p>En el mismo cap\u00edtulo me refiero a una persona que hoy lleva buenos mensajes a toda la humanidad: El papa Francisco.<\/p>\n<p>Mi admiraci\u00f3n por el papa Francisco, la expreso en el libro cuando digo:\u00a0El\u00a0Papa Francisco, se ha ganado a las personas sensibles del mundo, sin importar creencia religiosa. \u00c9l llega a comunicarse con facilidad; no tiene nada de introvertido o reservado a la hora de manifestar su sentir con relaci\u00f3n a un asunto de inter\u00e9s general.<\/p>\n<p><strong>La legalidad o ilegalidad de los haitianos indocumentados:<\/strong>El Cap\u00edtulo IX de la obra:\u00a0contiene un profundo an\u00e1lisis a manera de pr\u00f3logo, escrito por el brillante jurista licenciado Olivo Rodr\u00edguez Huerta, en la cual hace un an\u00e1lisis profundo respecto a la nacionalidad de los hijos de los indocumentados haitianos.<\/p>\n<p><strong>\u00a0<\/strong><\/p>\n<p><strong>La democracia\u00a0 dominicana.<\/strong>\u00a0El Cap\u00edtulo X lo tomo para referirme a la democracia representativa que impera aqu\u00ed, de la cual digo que:<\/p>\n<ol>\n<li>a) Para el pueblo dominicano la democracia no ha sido m\u00e1s que una ficci\u00f3n en la cual ciudadanas y ciudadanos, no son m\u00e1s que simples n\u00fameros, objetos, figuras decorativas motivadas por las c\u00fapulas de los partidos del sistema para que cada determinado tiempo comparezcan a las urnas a depositar sus votos, y as\u00ed legalizar las instituciones que conforman el Estado. Una vez el elector o electora cumple con la formalidad del voto, deja de ser actor dentro de la democracia representativa.<\/li>\n<\/ol>\n<ol>\n<li>b) No hay que estar dotado de una gran inteligencia ni ser un sabihondo de las ciencias sociales, para comprender que la generalidad de los que hablan de los avances, logros y virtudes de la representativa, lo hacen conscientes de que est\u00e1n confundiendo al pueblo dominicano. La democracia que padecemos dominicanos y dominicanas descansa sobre bases falsas en su asiento econ\u00f3mico, en sus instituciones y en los partidos pol\u00edticos que la defienden.<\/li>\n<\/ol>\n<ol>\n<li>c) La miseria, la indigencia en que vive la generalidad de nuestros connacionales, el estado de abandono en el orden de la salud y educaci\u00f3n p\u00fablica, es la expresi\u00f3n clara de que la democracia que predomina aqu\u00ed es la del presupuesto nacional, la cual tiene su raz\u00f3n de ser en la posibilidad que ella da para que un grupo pueda enriquecerse con los recursos del erario, mientras el pueblo sigue viviendo al margen del progreso.<\/li>\n<\/ol>\n<ol>\n<li>d) Lo que ofrece la democracia dominicana es lo que a diario vemos en los barrios marginados, en la cara de los desocupados, de los ni\u00f1os desnutridos, de los enfermos que no tienen acceso a los hospitales p\u00fablico, y la descomposici\u00f3n social manifiesta.<\/li>\n<\/ol>\n<p><strong>Mi profesi\u00f3n, la\u00a0 de abogado:<\/strong>\u00a0El Cap\u00edtulo XI,\u00a0\u00a0de la obra, \u00a0lo tomo para referirme a la profesi\u00f3n de abogado y c\u00f3mo llegu\u00e9 a la misma y termino con dos razonamientos de lo que hoy creo de ella y por qu\u00e9.<\/p>\n<p>No estoy formado para la trampa, la fuller\u00eda ni el argumento embaucador y, lamentablemente, hoy el que predomina es el trampista, chocarrero y jugador de ventajas. Este es el medio ideal para quien carece de talento para defender el caso de su cliente con altura, al margen de la estratagema, la argucia y las malas artes. La profesi\u00f3n de abogado hoy, al igual que todo lo que se mueve en el medio social donde vivimos, hay que ejercerla apoy\u00e1ndose en el ventajismo y comadreo, algo para lo que no debe prestarse quien respeta la ley, el derecho y la justicia.<\/p>\n<p>La sociedad dominicana ten\u00eda que llegar a un alto grado de degradaci\u00f3n, de envilecimiento, y el fen\u00f3meno de la\u00a0corrupci\u00f3n\u00a0arroparla por entero, para que una actividad\u00a0enaltecedora\u00a0como la abogac\u00eda se rebajara, se desacreditara hasta el punto que asquea a quienes por vocaci\u00f3n llegamos a ella vener\u00e1ndola.<\/p>\n<p><strong>CAP\u00cdTULO XII<\/strong><\/p>\n<p><strong>Discriminaci\u00f3n a los LGBTQ:<\/strong>\u00a0C\u00f3mo escribir un libro sobre la sociedad dominicana y no hacer menci\u00f3n de los prejuicios, de las taras que reducen al ser humano, una de las cuales es discriminar.<\/p>\n<p>En los marcos de la discriminaci\u00f3n es que hay que ver a los que aqu\u00ed, y en cualquier otra sociedad, manifiestan u ocultan en el fondo de su alma actitudes discriminatorias contra aquellos que ejercen su derecho a una preferencia de sexo igual al suyo.<\/p>\n<p>La discriminaci\u00f3n contra los LGBTQ busca aislarlos de los dem\u00e1s integrantes de la sociedad, colocarles en estado solitario, de desterrados, abandonados, en condici\u00f3n de segregados en su mismo lar nativo, como un emigrante viviendo en su propio pa\u00eds.<\/p>\n<p>En la discriminaci\u00f3n contra los LGBTQ se busca afincar en la conciencia nacional, con la perversidad aliada a la ciza\u00f1a, sembrar discordia, hostilidad, disensi\u00f3n y desavenencia, que es la obra de los limitados mentales en su proceder de envenenadores, incapaces de cultivar y motivar la concordia y la sana comprensi\u00f3n para la convivencia civilizada, sin importar la preferencia sexual.<\/p>\n<p>En nuestro medio, la discriminaci\u00f3n inducida contra los homosexuales, busca que estos acepten que su preferencia sexual no es el ejercicio de un derecho suyo, sino un lastre, una ofensa a la sociedad, una carga maldita, una r\u00e9mora para sus compatriotas, que su condici\u00f3n de LGBTQ le coloca como un estorbo social que no merece vivir.<\/p>\n<p>El discriminador que respira odio hacia los LGBTQ anda, mentalmente, armado con su lengua como un l\u00e1tigo para a la menor oportunidad azotar a aquel o aquella que ha decidido darle riendas sueltas a su voluntad y, en pleno ejercicio de su preferencia sexual, ha elegido amar a otro ser humano de su mismo sexo.<\/p>\n<p><strong>\u00a0<\/strong><\/p>\n<p><strong>CAP\u00cdTULO XIII<\/strong><\/p>\n<p><strong>Mi adi\u00f3s a los estadios de beisbol:<\/strong>\u00a0Finalmente, en el libro no pod\u00eda dejar de referirme al deporte que, despu\u00e9s de la lidia de gallos, es el m\u00e1s popular en el seno de nuestro pueblo: El b\u00e9isbol.<\/p>\n<p>El Cap\u00edtulo XIII\u00a0\u00a0viene a hacer la funci\u00f3n de aflojar la tensi\u00f3n creada con la lectura de los doce apartados anteriores. La atenuaci\u00f3n al abordar el asunto de la pelota, destaco mis vivencias en el b\u00e9isbol para concluir con Mi adi\u00f3s a los estadios de b\u00e9isbol profesional. Qu\u00e9 me motiv\u00f3 a dejar de asistir a los estadios de b\u00e9isbol en mi pa\u00eds?<\/p>\n<p>La generalidad de los que hoy van a presenciar los juegos de b\u00e9isbol profesional a nuestros estadios, disfrutan el momento, no solamente viendo a su equipo ganar, sino tambi\u00e9n mir\u00e1ndole el trasero a una \u201ccubetera\u201d, escuchando m\u00fasica buena o mala, por amplificadores a todo dar; a un fan\u00e1tico bailando sin camisa sobre su asiento, o en estado de locura por la emoci\u00f3n que le produce el oportuno cuadrangular disparado por un bateador del equipo de su simpat\u00eda. Sin olvidar la forma como\u00a0 jovencitas ejecutan movimientos excitantes.<\/p>\n<p>Santiago de los Caballeros,<\/p>\n<p>Impactos: 45<\/p>","protected":false},"excerpt":{"rendered":"<p>Por\u00a0SERVICIOS DE ACENTO.COM.DO El libro\u00a0\u201cMi parecer sobre la sociedad dominicana de hoy\u201d\u00a0del jurista Ram\u00f3n Antonio Negro Veras fue lanzado hoy en el Centro Le\u00f3n<\/p>\n","protected":false},"author":3,"featured_media":16957,"comment_status":"closed","ping_status":"closed","sticky":false,"template":"","format":"standard","meta":[],"categories":[3],"tags":[],"_links":{"self":[{"href":"https:\/\/hormigaradio.com\/index.php?rest_route=\/wp\/v2\/posts\/16954"}],"collection":[{"href":"https:\/\/hormigaradio.com\/index.php?rest_route=\/wp\/v2\/posts"}],"about":[{"href":"https:\/\/hormigaradio.com\/index.php?rest_route=\/wp\/v2\/types\/post"}],"author":[{"embeddable":true,"href":"https:\/\/hormigaradio.com\/index.php?rest_route=\/wp\/v2\/users\/3"}],"replies":[{"embeddable":true,"href":"https:\/\/hormigaradio.com\/index.php?rest_route=%2Fwp%2Fv2%2Fcomments&post=16954"}],"version-history":[{"count":2,"href":"https:\/\/hormigaradio.com\/index.php?rest_route=\/wp\/v2\/posts\/16954\/revisions"}],"predecessor-version":[{"id":16956,"href":"https:\/\/hormigaradio.com\/index.php?rest_route=\/wp\/v2\/posts\/16954\/revisions\/16956"}],"wp:featuredmedia":[{"embeddable":true,"href":"https:\/\/hormigaradio.com\/index.php?rest_route=\/wp\/v2\/media\/16957"}],"wp:attachment":[{"href":"https:\/\/hormigaradio.com\/index.php?rest_route=%2Fwp%2Fv2%2Fmedia&parent=16954"}],"wp:term":[{"taxonomy":"category","embeddable":true,"href":"https:\/\/hormigaradio.com\/index.php?rest_route=%2Fwp%2Fv2%2Fcategories&post=16954"},{"taxonomy":"post_tag","embeddable":true,"href":"https:\/\/hormigaradio.com\/index.php?rest_route=%2Fwp%2Fv2%2Ftags&post=16954"}],"curies":[{"name":"wp","href":"https:\/\/api.w.org\/{rel}","templated":true}]}}