{"id":17047,"date":"2022-10-05T03:47:18","date_gmt":"2022-10-05T03:47:18","guid":{"rendered":"https:\/\/hormigaradio.com\/?p=17047"},"modified":"2022-10-05T03:47:18","modified_gmt":"2022-10-05T03:47:18","slug":"santiago-tambien-tendra-corredores-de-autobuses-modernos","status":"publish","type":"post","link":"https:\/\/hormigaradio.com\/?p=17047","title":{"rendered":"SANTIAGO TAMBI\u00c9N TENDR\u00c1 CORREDORES DE AUTOBUSES MODERNOS"},"content":{"rendered":"<p>Por\u00a0<a class=\"text-font font-700\" href=\"https:\/\/acento.com.do\/autor\/index.html?user_slug=mlaureano\">M\u00c1XIMO LAUREANO<\/a><\/p>\n<p>Adem\u00e1s de los corredores de la Oficina de Servicios de Autobuses\u00a0<strong>(OMSA),<\/strong>\u00a0instalados desde 1999, el sistema de transporte del telef\u00e9rico y el monorriel de Santiago &#8211; en construcci\u00f3n -, tambi\u00e9n contar\u00e1 con otros corredores de autobuses modernos, los cuales estar\u00edan en l\u00ednea en poco tiempo, afirm\u00f3 el director del Instituto Nacional de Tr\u00e1nsito y Transporte Terrestre\u00a0<strong>(Intrant), Hugo Beras<\/strong>.<\/p>\n<p>El funcionario inform\u00f3 que se hacen los levantamientos requeridos con los sectores que manejar\u00edan los corredores y que las rutas tendr\u00edan las mismas caracter\u00edsticas de los proyectos instalados en el Distrito Nacional y la provincia Santo Domingo.<\/p>\n<p>\u201cEso va a estar muy pronto, m\u00e1s pronto que lo que nosotros nos imaginamos y estamos ya trabajando con el equipo t\u00e9cnico\u201d, dijo\u00a0<strong>Hugo Beras<\/strong>, previo a un encuentro con sectores del transporte en Santiago.<\/p>\n<p><iframe loading=\"lazy\" src=\"https:\/\/player.vimeo.com\/video\/756909764?h=e256673e59\" width=\"640\" height=\"480\" frameborder=\"0\" allowfullscreen=\"allowfullscreen\" data-gtm-yt-inspected-2=\"true\" data-gtm-yt-inspected-11=\"true\" data-mce-fragment=\"1\"><\/iframe><\/p>\n<p>El director del\u00a0<strong>Intrant<\/strong>\u00a0agreg\u00f3 que la fecha para el inicio de los nuevos corredores depender\u00e1 de cu\u00e1ndo se terminen los trabajos de levantamientos y se tenga la orden de los autobuses.<\/p>\n<p>En relaci\u00f3n a las rutas de los nuevos corredores, no se han ofrecido detalles de las zonas que abarcar\u00eda. No obstante, de manera extraoficial, se ha informado que uno de los corredores unir\u00eda el centro urbano de Santiago de los Caballeros con el \u00e1rea del Aeropuerto Internacional del\u00a0<strong>Cibao,<\/strong>\u00a0en la comunidad de\u00a0<strong>Uveral,<\/strong>\u00a0en\u00a0<strong>Licey al Medio<\/strong>.<\/p>\n<p>En tanto que otros corredores enlazar\u00edan el centro urbano, con los barrios de\u00a0<strong>Pek\u00edn,<\/strong>\u00a0en la parte sur, Santiago Oeste\u00a0<strong>(Cienfuegos), Gurabo<\/strong>\u00a0y otros sectores, que son se\u00f1alados como puntos\u00a0<strong>neur\u00e1lgicos<\/strong>\u00a0para el transporte de pasajeros.<\/p>\n<p>En Santiago, funcionan de manera precaria, unos cuatro corredores de la\u00a0<strong>OMSA<\/strong>\u00a0y 28 rutas urbanas integradas por carros, se suman las llamadas rutas interurbanas que cubren desde Santiago de los Caballeros hac\u00eda los municipios.<\/p>\n<p>Ha trascendido que los corredores ser\u00edan manejados por miembros de las federaciones del transporte, que encabezan,\u00a0<strong>Juan Marte Valenzuela<\/strong>, con la Central Nacional de Trabajadores del Transporte (CNTT) y a Gervasio de la Rosa, con la Federaci\u00f3n Nacional de Transporte de la Regi\u00f3n Norte\u00a0<strong>(Fenatrareno).<\/strong><\/p>\n<p>La opci\u00f3n de poner funcionar los corredores de autobuses es otra de las apuestas del Gobierno en procura de la mejor\u00eda del transporte de pasajeros en Santiago, la cual est\u00e1 ligada al conjunto que incluye los sistemas de telef\u00e9rico y monorriel, en proceso.<\/p>\n<p>La propuesta de los nuevos corredores de autobuses no ha sido tema de discusi\u00f3n en el Ayuntamiento de Santiago, seg\u00fan ha confirmado el regidor\u00a0<strong>Pedro G\u00f3mez<\/strong>, del Partido Revolucionario Moderno\u00a0<strong>(PRM).<\/strong><\/p>\n<p>Impactos: 27<\/p>","protected":false},"excerpt":{"rendered":"<p>Por\u00a0M\u00c1XIMO LAUREANO Adem\u00e1s de los corredores de la Oficina de Servicios de Autobuses\u00a0(OMSA),\u00a0instalados desde 1999, el sistema de transporte del telef\u00e9rico y el monorriel<\/p>\n","protected":false},"author":3,"featured_media":17048,"comment_status":"closed","ping_status":"closed","sticky":false,"template":"","format":"standard","meta":[],"categories":[3],"tags":[],"_links":{"self":[{"href":"https:\/\/hormigaradio.com\/index.php?rest_route=\/wp\/v2\/posts\/17047"}],"collection":[{"href":"https:\/\/hormigaradio.com\/index.php?rest_route=\/wp\/v2\/posts"}],"about":[{"href":"https:\/\/hormigaradio.com\/index.php?rest_route=\/wp\/v2\/types\/post"}],"author":[{"embeddable":true,"href":"https:\/\/hormigaradio.com\/index.php?rest_route=\/wp\/v2\/users\/3"}],"replies":[{"embeddable":true,"href":"https:\/\/hormigaradio.com\/index.php?rest_route=%2Fwp%2Fv2%2Fcomments&post=17047"}],"version-history":[{"count":1,"href":"https:\/\/hormigaradio.com\/index.php?rest_route=\/wp\/v2\/posts\/17047\/revisions"}],"predecessor-version":[{"id":17049,"href":"https:\/\/hormigaradio.com\/index.php?rest_route=\/wp\/v2\/posts\/17047\/revisions\/17049"}],"wp:featuredmedia":[{"embeddable":true,"href":"https:\/\/hormigaradio.com\/index.php?rest_route=\/wp\/v2\/media\/17048"}],"wp:attachment":[{"href":"https:\/\/hormigaradio.com\/index.php?rest_route=%2Fwp%2Fv2%2Fmedia&parent=17047"}],"wp:term":[{"taxonomy":"category","embeddable":true,"href":"https:\/\/hormigaradio.com\/index.php?rest_route=%2Fwp%2Fv2%2Fcategories&post=17047"},{"taxonomy":"post_tag","embeddable":true,"href":"https:\/\/hormigaradio.com\/index.php?rest_route=%2Fwp%2Fv2%2Ftags&post=17047"}],"curies":[{"name":"wp","href":"https:\/\/api.w.org\/{rel}","templated":true}]}}