{"id":17051,"date":"2022-10-09T05:58:12","date_gmt":"2022-10-09T05:58:12","guid":{"rendered":"https:\/\/hormigaradio.com\/?p=17051"},"modified":"2022-10-09T06:31:11","modified_gmt":"2022-10-09T06:31:11","slug":"santiago-tendra-su-cuarta-version-de-cibao-rizado","status":"publish","type":"post","link":"https:\/\/hormigaradio.com\/?p=17051","title":{"rendered":"SANTIAGO TENDR\u00c1 SU CUARTA VERSI\u00d3N DE  CIBAO RIZADO"},"content":{"rendered":"<p><img loading=\"lazy\" class=\"alignnone wp-image-15152\" src=\"http:\/\/hormigaradio.com\/wp-content\/uploads\/2022\/01\/FIRMA-para-Hormiga-Radio-300x158.jpeg\" alt=\"\" width=\"80\" height=\"42\" \/><\/p>\n<p>Con el enfoque, por una &#8220;Belleza Sostenible y Eco-Amigable&#8221;, se\u00a0 llevar\u00e1 a cabo,\u00a0 en Santiago de los Caballeros, la IV versi\u00f3n del evento\u00a0 de estilismo Cibao Rizado,\u00a0 organizado por\u00a0 Rizos, Afros y M\u00e1s,\u00a0 que promueve\u00a0 lucir el cabello natural y\u00a0 la sostenibilidad\u00a0 del ambiente.<\/p>\n<p>&#8220;Cibao Rizado, es un evento socio cultural que re\u00fane a toda la comunidad afro-rizada de la regi\u00f3n del Cibao y del pa\u00eds, en donde se promueve el empoderamiento, aceptaci\u00f3n y amor propio, incentivando a la comunidad mediante el cuidado del cabello natural, con charlas, rifas, concursos, desfile de influencers de cabello rizado, exhibiciones, demostraciones y venta de<br \/>\nproductos y accesorios por parte de patrocinadores y colaboradores&#8221;,\u00a0 dijo Naili Santana,\u00a0 una de las\u00a0 agentes que organiza el evento, desde el 2017.<\/p>\n<figure id=\"attachment_17056\" aria-describedby=\"caption-attachment-17056\" style=\"width: 715px\" class=\"wp-caption aligncenter\"><img loading=\"lazy\" class=\"wp-image-17056 size-large\" src=\"http:\/\/hormigaradio.com\/wp-content\/uploads\/2022\/10\/WhatsApp-Image-2022-10-07-at-3.55.48-PM-1024x768.jpeg\" alt=\"\" width=\"715\" height=\"536\" srcset=\"https:\/\/hormigaradio.com\/wp-content\/uploads\/2022\/10\/WhatsApp-Image-2022-10-07-at-3.55.48-PM-1024x768.jpeg 1024w, https:\/\/hormigaradio.com\/wp-content\/uploads\/2022\/10\/WhatsApp-Image-2022-10-07-at-3.55.48-PM-300x225.jpeg 300w, https:\/\/hormigaradio.com\/wp-content\/uploads\/2022\/10\/WhatsApp-Image-2022-10-07-at-3.55.48-PM-768x576.jpeg 768w, https:\/\/hormigaradio.com\/wp-content\/uploads\/2022\/10\/WhatsApp-Image-2022-10-07-at-3.55.48-PM.jpeg 1408w\" sizes=\"(max-width: 715px) 100vw, 715px\" \/><figcaption id=\"caption-attachment-17056\" class=\"wp-caption-text\"><strong>M\u00e1ximo Laureano, programista HR, junto a Naili Santana, Indhira Trejo y Rossaly Santana, organizadora de Cibao Rizado.<\/strong><\/figcaption><\/figure>\n<p>En esta ocasi\u00f3n el evento\u00a0 Cibao Rizado,\u00a0 tendr\u00e1 como escenario la sede del Ayuntamiento de Santiago, el pr\u00f3ximo 16 de octubre del 2022, de 9:00 de la ma\u00f1ana a 5:00 de la tarde,\u00a0 donde\u00a0 podr\u00e1 asistir\u00a0 no solo la comunidad que luce el pelo natural, sino\u00a0 a todo\u00a0 p\u00fablico, interesado en conocer\u00a0 sobre esta iniciativa.<\/p>\n<p>&#8220;Cibao Rizado&#8221; es producido y dirigido por Rizos Afros y M\u00e1s, primer centro especializado en cabello natural, afro rizado en la ciudad de Santiago de los Caballeros, el cual\u00a0 fue\u00a0 inaugurado en noviembre de 2016, bajo la responsabilidad de Naili Santana, Indhira Trejo y Rossaly Santana, quienes adem\u00e1s promueve el no uso de pl\u00e1stico, como\u00a0 forma de colaborar con el cuidado del ambiente.<\/p>\n<p>&#8220;Son\u00a0 tres madres profesionales, amantes de la cultura afro descendiente y promotoras del amor propio y<br \/>\ndel cabello natural, quienes, gracias a la formaci\u00f3n y el apoyo constante de Arantxa Joseph, han lograron hacer realidad su sue\u00f1o de apoyar a la comunidad del Cibao en el cuidado del pelo&#8221;,\u00a0 \u00a0han dichos las organizadoras del evento.<\/p>\n<p><img loading=\"lazy\" class=\"alignnone wp-image-17057 size-large\" src=\"http:\/\/hormigaradio.com\/wp-content\/uploads\/2022\/10\/IMG-20221008-WA0007-1024x682.jpg\" alt=\"\" width=\"715\" height=\"476\" srcset=\"https:\/\/hormigaradio.com\/wp-content\/uploads\/2022\/10\/IMG-20221008-WA0007-1024x682.jpg 1024w, https:\/\/hormigaradio.com\/wp-content\/uploads\/2022\/10\/IMG-20221008-WA0007-300x200.jpg 300w, https:\/\/hormigaradio.com\/wp-content\/uploads\/2022\/10\/IMG-20221008-WA0007-768x512.jpg 768w, https:\/\/hormigaradio.com\/wp-content\/uploads\/2022\/10\/IMG-20221008-WA0007-1536x1023.jpg 1536w, https:\/\/hormigaradio.com\/wp-content\/uploads\/2022\/10\/IMG-20221008-WA0007.jpg 1600w\" sizes=\"(max-width: 715px) 100vw, 715px\" \/><\/p>\n<p>Impactos: 53<\/p>","protected":false},"excerpt":{"rendered":"<p>Con el enfoque, por una &#8220;Belleza Sostenible y Eco-Amigable&#8221;, se\u00a0 llevar\u00e1 a cabo,\u00a0 en Santiago de los Caballeros, la IV versi\u00f3n del evento\u00a0 de<\/p>\n","protected":false},"author":3,"featured_media":17052,"comment_status":"closed","ping_status":"closed","sticky":false,"template":"","format":"standard","meta":[],"categories":[3],"tags":[],"_links":{"self":[{"href":"https:\/\/hormigaradio.com\/index.php?rest_route=\/wp\/v2\/posts\/17051"}],"collection":[{"href":"https:\/\/hormigaradio.com\/index.php?rest_route=\/wp\/v2\/posts"}],"about":[{"href":"https:\/\/hormigaradio.com\/index.php?rest_route=\/wp\/v2\/types\/post"}],"author":[{"embeddable":true,"href":"https:\/\/hormigaradio.com\/index.php?rest_route=\/wp\/v2\/users\/3"}],"replies":[{"embeddable":true,"href":"https:\/\/hormigaradio.com\/index.php?rest_route=%2Fwp%2Fv2%2Fcomments&post=17051"}],"version-history":[{"count":5,"href":"https:\/\/hormigaradio.com\/index.php?rest_route=\/wp\/v2\/posts\/17051\/revisions"}],"predecessor-version":[{"id":17059,"href":"https:\/\/hormigaradio.com\/index.php?rest_route=\/wp\/v2\/posts\/17051\/revisions\/17059"}],"wp:featuredmedia":[{"embeddable":true,"href":"https:\/\/hormigaradio.com\/index.php?rest_route=\/wp\/v2\/media\/17052"}],"wp:attachment":[{"href":"https:\/\/hormigaradio.com\/index.php?rest_route=%2Fwp%2Fv2%2Fmedia&parent=17051"}],"wp:term":[{"taxonomy":"category","embeddable":true,"href":"https:\/\/hormigaradio.com\/index.php?rest_route=%2Fwp%2Fv2%2Fcategories&post=17051"},{"taxonomy":"post_tag","embeddable":true,"href":"https:\/\/hormigaradio.com\/index.php?rest_route=%2Fwp%2Fv2%2Ftags&post=17051"}],"curies":[{"name":"wp","href":"https:\/\/api.w.org\/{rel}","templated":true}]}}