{"id":17061,"date":"2022-10-10T22:14:22","date_gmt":"2022-10-10T22:14:22","guid":{"rendered":"https:\/\/hormigaradio.com\/?p=17061"},"modified":"2022-10-11T02:34:58","modified_gmt":"2022-10-11T02:34:58","slug":"ministerio-publico-y-policia-dicen-avanza-investigacion-sobre-asesinato-mujer-en-santiago","status":"publish","type":"post","link":"https:\/\/hormigaradio.com\/?p=17061","title":{"rendered":"MINISTERIO P\u00daBLICO Y POLIC\u00cdA DICEN AVANZA INVESTIGACI\u00d3N SOBRE ASESINATO MUJER EN SANTIAGO"},"content":{"rendered":"<p>\u201cDesde que haya informaci\u00f3n relevante<img loading=\"lazy\" class=\"size-medium wp-image-17062 alignleft\" src=\"http:\/\/hormigaradio.com\/wp-content\/uploads\/2022\/10\/carros-que-conducia-mujer-muerta-2-728x410-1-300x169.webp\" alt=\"\" width=\"300\" height=\"169\" srcset=\"https:\/\/hormigaradio.com\/wp-content\/uploads\/2022\/10\/carros-que-conducia-mujer-muerta-2-728x410-1-300x169.webp 300w, https:\/\/hormigaradio.com\/wp-content\/uploads\/2022\/10\/carros-que-conducia-mujer-muerta-2-728x410-1-715x400.webp 715w, https:\/\/hormigaradio.com\/wp-content\/uploads\/2022\/10\/carros-que-conducia-mujer-muerta-2-728x410-1.webp 728w\" sizes=\"(max-width: 300px) 100vw, 300px\" \/>\u00a0que podamos comunicar, se les har\u00e1 saber\u201d, declar\u00f3 el fiscal titular de Santiago, Osvaldo Bonilla Hiraldo, en relaci\u00f3n al asesinato de\u00a0<strong>Ana Francisca G\u00f3mez<\/strong>, quien fue muerta a balazos cuando se desplazaba por la avenida 27 de Febrero, el pasado viernes.<\/p>\n<p>La mujer, de 52 a\u00f1os de edad, fue atacada a tiros por dos hombres que se desplazaban en una motocicleta, quienes dispararon a la cabeza de la v\u00edctima a trav\u00e9s del cristal de su carro marca BMW.<\/p>\n<p>Adem\u00e1s de establecer que ofrecer\u00e1n informaciones sobre el caso en su momento, el fiscal de Santiago tambi\u00e9n ha se\u00f1alado que las investigaciones est\u00e1n muy avanzadas.<\/p>\n<p>Asimismo, el vocero de la Polic\u00eda, Diego Pesqueira, se adhiere a lo dicho por el fiscal Bonilla Hiraldo, sobre el avance de las indagatorias y agrega que, como instituci\u00f3n, no pueden facilitar detalles, porque resultar\u00eda pernicioso para el desarrollo de la investigaci\u00f3n.<\/p>\n<p>Sobre el caso de Ana G\u00f3mez tambi\u00e9n ha trascendido que un sargento de la Polic\u00eda Nacional habr\u00eda sido sancionado por violar el protocolo en la revisi\u00f3n de las pertenencias de la v\u00edctima. No se tiene una versi\u00f3n oficial respecto a esta informaci\u00f3n que ha circulado en algunos medios digitales<\/p>\n<p>Impactos: 30<\/p>","protected":false},"excerpt":{"rendered":"<p>\u201cDesde que haya informaci\u00f3n relevante\u00a0que podamos comunicar, se les har\u00e1 saber\u201d, declar\u00f3 el fiscal titular de Santiago, Osvaldo Bonilla Hiraldo, en relaci\u00f3n al asesinato<\/p>\n","protected":false},"author":3,"featured_media":17064,"comment_status":"closed","ping_status":"closed","sticky":false,"template":"","format":"standard","meta":[],"categories":[3],"tags":[],"_links":{"self":[{"href":"https:\/\/hormigaradio.com\/index.php?rest_route=\/wp\/v2\/posts\/17061"}],"collection":[{"href":"https:\/\/hormigaradio.com\/index.php?rest_route=\/wp\/v2\/posts"}],"about":[{"href":"https:\/\/hormigaradio.com\/index.php?rest_route=\/wp\/v2\/types\/post"}],"author":[{"embeddable":true,"href":"https:\/\/hormigaradio.com\/index.php?rest_route=\/wp\/v2\/users\/3"}],"replies":[{"embeddable":true,"href":"https:\/\/hormigaradio.com\/index.php?rest_route=%2Fwp%2Fv2%2Fcomments&post=17061"}],"version-history":[{"count":1,"href":"https:\/\/hormigaradio.com\/index.php?rest_route=\/wp\/v2\/posts\/17061\/revisions"}],"predecessor-version":[{"id":17063,"href":"https:\/\/hormigaradio.com\/index.php?rest_route=\/wp\/v2\/posts\/17061\/revisions\/17063"}],"wp:featuredmedia":[{"embeddable":true,"href":"https:\/\/hormigaradio.com\/index.php?rest_route=\/wp\/v2\/media\/17064"}],"wp:attachment":[{"href":"https:\/\/hormigaradio.com\/index.php?rest_route=%2Fwp%2Fv2%2Fmedia&parent=17061"}],"wp:term":[{"taxonomy":"category","embeddable":true,"href":"https:\/\/hormigaradio.com\/index.php?rest_route=%2Fwp%2Fv2%2Fcategories&post=17061"},{"taxonomy":"post_tag","embeddable":true,"href":"https:\/\/hormigaradio.com\/index.php?rest_route=%2Fwp%2Fv2%2Ftags&post=17061"}],"curies":[{"name":"wp","href":"https:\/\/api.w.org\/{rel}","templated":true}]}}