{"id":17077,"date":"2022-10-17T02:53:14","date_gmt":"2022-10-17T02:53:14","guid":{"rendered":"https:\/\/hormigaradio.com\/?p=17077"},"modified":"2022-10-17T02:53:24","modified_gmt":"2022-10-17T02:53:24","slug":"margarita-y-dominguez-brito-reconocen-triunfo-de-abel-martinez","status":"publish","type":"post","link":"https:\/\/hormigaradio.com\/?p=17077","title":{"rendered":"MARGARITA Y DOM\u00cdNGUEZ BRITO RECONOCEN TRIUNFO DE ABEL MART\u00cdNEZ"},"content":{"rendered":"<p>Por\u00a0<a class=\"text-font font-700\" href=\"https:\/\/acento.com.do\/autor\/index.html?user_slug=servicios\">SERVICIOS DE ACENTO.COM.DO<\/a><\/p>\n<p>La ex vicepresidenta de la Rep\u00fablica y aspirante a la candidatura presidencial por el\u00a0<strong>Partido de la Liberaci\u00f3n Dominicana, Margarita Cede\u00f1o<\/strong>, felicit\u00f3 a su compa\u00f1ero de contienda\u00a0<strong>Abel Mart\u00edne<\/strong>z por haber salido favorecido con los votos.<\/p>\n<p>En un comunicado colgado en su cuenta de Twitter,\u00a0<strong>Cede\u00f1o<\/strong>\u00a0expres\u00f3 que particip\u00f3 de este en proceso en buena lid y dispuesta a aceptar los resultados.<\/p>\n<p>&#8221; Particip\u00e9 en este proceso en buena lid y dispuesta a acatar sus resultados. Por eso, felicito al compa\u00f1ero Abel Mart\u00ednez, que ha sido favorecido con los votos en esta jornada&#8221;, escribi\u00f3.<\/p>\n<div class=\"twitter-tweet twitter-tweet-rendered\"><iframe id=\"twitter-widget-0\" class=\"\" title=\"Twitter Tweet\" src=\"https:\/\/platform.twitter.com\/embed\/Tweet.html?creatorScreenName=Frontaly&amp;dnt=false&amp;embedId=twitter-widget-0&amp;features=eyJ0ZndfdGltZWxpbmVfbGlzdCI6eyJidWNrZXQiOlsibGlua3RyLmVlIiwidHIuZWUiLCJ0ZXJyYS5jb20uYnIiLCJ3d3cubGlua3RyLmVlIiwid3d3LnRyLmVlIiwid3d3LnRlcnJhLmNvbS5iciJdLCJ2ZXJzaW9uIjpudWxsfSwidGZ3X2hvcml6b25fdGltZWxpbmVfMTIwMzQiOnsiYnVja2V0IjoidHJlYXRtZW50IiwidmVyc2lvbiI6bnVsbH0sInRmd190d2VldF9lZGl0X2JhY2tlbmQiOnsiYnVja2V0Ijoib24iLCJ2ZXJzaW9uIjpudWxsfSwidGZ3X3JlZnNyY19zZXNzaW9uIjp7ImJ1Y2tldCI6Im9uIiwidmVyc2lvbiI6bnVsbH0sInRmd19jaGluX3BpbGxzXzE0NzQxIjp7ImJ1Y2tldCI6ImNvbG9yX2ljb25zIiwidmVyc2lvbiI6bnVsbH0sInRmd190d2VldF9yZXN1bHRfbWlncmF0aW9uXzEzOTc5Ijp7ImJ1Y2tldCI6InR3ZWV0X3Jlc3VsdCIsInZlcnNpb24iOm51bGx9LCJ0Zndfc2Vuc2l0aXZlX21lZGlhX2ludGVyc3RpdGlhbF8xMzk2MyI6eyJidWNrZXQiOiJpbnRlcnN0aXRpYWwiLCJ2ZXJzaW9uIjpudWxsfSwidGZ3X2V4cGVyaW1lbnRzX2Nvb2tpZV9leHBpcmF0aW9uIjp7ImJ1Y2tldCI6MTIwOTYwMCwidmVyc2lvbiI6bnVsbH0sInRmd19kdXBsaWNhdGVfc2NyaWJlc190b19zZXR0aW5ncyI6eyJidWNrZXQiOiJvbiIsInZlcnNpb24iOm51bGx9LCJ0ZndfdmlkZW9faGxzX2R5bmFtaWNfbWFuaWZlc3RzXzE1MDgyIjp7ImJ1Y2tldCI6InRydWVfYml0cmF0ZSIsInZlcnNpb24iOm51bGx9LCJ0ZndfdHdlZXRfZWRpdF9mcm9udGVuZCI6eyJidWNrZXQiOiJvbiIsInZlcnNpb24iOm51bGx9fQ%3D%3D&amp;frame=false&amp;hideCard=false&amp;hideThread=false&amp;id=1581806160138543105&amp;lang=es&amp;origin=https%3A%2F%2Facento.com.do%2Fpolitica%2Fmargarita-y-dominguez-brito-reconocen-triunfo-de-abel-martinez-9119256.html&amp;sessionId=f0d676cbda91a934bdc610a9143f00ea958eae21&amp;siteScreenName=acentodiario&amp;theme=light&amp;widgetsVersion=1c23387b1f70c%3A1664388199485&amp;width=550px\" frameborder=\"0\" scrolling=\"no\" allowfullscreen=\"allowfullscreen\" data-gtm-yt-inspected-2=\"true\" data-gtm-yt-inspected-11=\"true\" data-tweet-id=\"1581806160138543105\" data-mce-fragment=\"1\"><\/iframe><\/div>\n<p>&nbsp;<\/p>\n<p>Cede\u00f1o agradeci\u00f3 a los compa\u00f1eros y a la ciudadan\u00eda en general que le brindaron su apoyo, en especial a su equipo de trabajo.<\/p>\n<p>&#8220;Agradezco de todo coraz\u00f3n a los compa\u00f1eros, compa\u00f1eras y a la ciudadan\u00eda en todo el pa\u00eds y el exterior que me brindaron su apoyo, y en especial a mi gran equipo de trabajo que se entreg\u00f3 en cuerpo y alma en un proyecto comprometido con una sociedad en valores y la buena pol\u00edtica. Con Dios por delante, sigo y seguir\u00e9 al servicio de mi pa\u00eds y de mi gente&#8221;, expres\u00f3.<\/p>\n<p>De su parte, el tambi\u00e9n aspirante a la candidatura,\u00a0<strong>Francisco Dom\u00ednguez Brito<\/strong>\u00a0expres\u00f3 en un mensaje en su cuenta de Twitter que reconoce el resultado de la consulta.<\/p>\n<p><span class=\"css-901oao css-16my406 r-poiln3 r-bcqeeo r-qvutc0\">&#8220;Quiero reconocer el resultado de la consulta ciudadana realizado por nuestro PLD<\/span><span class=\"css-901oao css-16my406 r-poiln3 r-bcqeeo r-qvutc0\">. Siempre actuar\u00e9 con apego a los compromisos asumidos por nuestro proyecto: \u201cServir al partido, para servir al pueblo&#8221;, escribi\u00f3.\u00a0<\/span><\/p>\n<p>De igual forma agradeci\u00f3 a su equipo de trabajo y a quienes lo apoyaron durante el proceso.<\/p>\n<p>El \u00faltimo bolet\u00edn arroj\u00f3 que\u00a0<strong>Abel Mart\u00ednez se manten\u00eda a la cabeza con el 60.68 % del 72.88 % de los votos computados, Dom\u00ednguez Brito ten\u00eda el 20.73 %, mientras que Margarita alcanzaba el 16.31 %.<\/strong><\/p>\n<p>En el caso de Karen Ricardo y Maritza Hern\u00e1ndez, estas ten\u00eda el 0.76 % y el 1.07 %\u00a0 respectivamente<\/p>\n<p>Impactos: 59<\/p>","protected":false},"excerpt":{"rendered":"<p>Por\u00a0SERVICIOS DE ACENTO.COM.DO La ex vicepresidenta de la Rep\u00fablica y aspirante a la candidatura presidencial por el\u00a0Partido de la Liberaci\u00f3n Dominicana, Margarita Cede\u00f1o, felicit\u00f3<\/p>\n","protected":false},"author":3,"featured_media":17078,"comment_status":"closed","ping_status":"closed","sticky":false,"template":"","format":"standard","meta":[],"categories":[6],"tags":[],"_links":{"self":[{"href":"https:\/\/hormigaradio.com\/index.php?rest_route=\/wp\/v2\/posts\/17077"}],"collection":[{"href":"https:\/\/hormigaradio.com\/index.php?rest_route=\/wp\/v2\/posts"}],"about":[{"href":"https:\/\/hormigaradio.com\/index.php?rest_route=\/wp\/v2\/types\/post"}],"author":[{"embeddable":true,"href":"https:\/\/hormigaradio.com\/index.php?rest_route=\/wp\/v2\/users\/3"}],"replies":[{"embeddable":true,"href":"https:\/\/hormigaradio.com\/index.php?rest_route=%2Fwp%2Fv2%2Fcomments&post=17077"}],"version-history":[{"count":1,"href":"https:\/\/hormigaradio.com\/index.php?rest_route=\/wp\/v2\/posts\/17077\/revisions"}],"predecessor-version":[{"id":17079,"href":"https:\/\/hormigaradio.com\/index.php?rest_route=\/wp\/v2\/posts\/17077\/revisions\/17079"}],"wp:featuredmedia":[{"embeddable":true,"href":"https:\/\/hormigaradio.com\/index.php?rest_route=\/wp\/v2\/media\/17078"}],"wp:attachment":[{"href":"https:\/\/hormigaradio.com\/index.php?rest_route=%2Fwp%2Fv2%2Fmedia&parent=17077"}],"wp:term":[{"taxonomy":"category","embeddable":true,"href":"https:\/\/hormigaradio.com\/index.php?rest_route=%2Fwp%2Fv2%2Fcategories&post=17077"},{"taxonomy":"post_tag","embeddable":true,"href":"https:\/\/hormigaradio.com\/index.php?rest_route=%2Fwp%2Fv2%2Ftags&post=17077"}],"curies":[{"name":"wp","href":"https:\/\/api.w.org\/{rel}","templated":true}]}}