{"id":17080,"date":"2022-10-20T12:28:54","date_gmt":"2022-10-20T12:28:54","guid":{"rendered":"https:\/\/hormigaradio.com\/?p=17080"},"modified":"2022-10-20T12:28:54","modified_gmt":"2022-10-20T12:28:54","slug":"libertad-condicional-para-joven-rompio-cristal-vehiculo-de-su-pareja","status":"publish","type":"post","link":"https:\/\/hormigaradio.com\/?p=17080","title":{"rendered":"LIBERTAD CONDICIONAL PARA JOVEN ROMPI\u00d3 CRISTAL VEH\u00cdCULO DE SU PAREJA"},"content":{"rendered":"<p>Por\u00a0<a class=\"text-font font-700\" href=\"https:\/\/acento.com.do\/autor\/index.html?user_slug=mlaureano\">M\u00c1XIMO LAUREANO<\/a><\/p>\n<p>Un juez Julio Araujo, del\u00a0<strong>Departamento de Atenci\u00f3n Permanente del Distrito Judicial de Santiago<\/strong>,<strong>\u00a0<\/strong>impuso tres medidas de coerci\u00f3n para una joven que fue filmada mientras romp\u00eda el cristal del carro de un hombre con quien se presume ten\u00eda una relaci\u00f3n amorosa.<\/p>\n<p>Las medidas de coerci\u00f3n impuesta contra\u00a0<strong>Katherine B\u00e1ez Perdomo<\/strong>\u00a0consisten en presentaci\u00f3n peri\u00f3dica, impedimento de salida y una garant\u00eda econ\u00f3mica de RD$ 25, 000.00.<\/p>\n<p>La joven de 24 a\u00f1os de edad, reside en el distrito municipal\u00a0<strong>Hato de Yaque<\/strong>, y hab\u00eda sido apresada luego que se difundiera en redes sociales un video en el que se le ve\u00eda romper el cristal delantero del veh\u00edculo.<\/p>\n<p><iframe loading=\"lazy\" src=\"https:\/\/player.vimeo.com\/video\/762009921?h=2699f6f9a7\" width=\"640\" height=\"800\" frameborder=\"0\" allowfullscreen=\"allowfullscreen\" data-gtm-yt-inspected-11=\"true\" data-gtm-yt-inspected-2=\"true\" data-mce-fragment=\"1\"><\/iframe><\/p>\n<p>Tras el hecho, representantes del\u00a0<strong>Ministerio P\u00fablico<\/strong>\u00a0solicitaron medida de coerci\u00f3n consistente en prisi\u00f3n preventiva contra la imputada.<\/p>\n<p>Sin embargo, el juez opt\u00f3 por rechazar la privaci\u00f3n de libertad, establecida en el art\u00edculo 226 del C\u00f3digo Procesal Penal (CPP).<\/p>\n<p>Tras el fallo, personas que asistieron a sede del\u00a0<strong>Palacio de Justicia de Santiago<\/strong>\u00a0celebraron la libertad condicional y ponderaron que su apresamiento fue irregular, porque el caso no ameritaba prisi\u00f3n<\/p>\n<p>Impactos: 35<\/p>","protected":false},"excerpt":{"rendered":"<p>Por\u00a0M\u00c1XIMO LAUREANO Un juez Julio Araujo, del\u00a0Departamento de Atenci\u00f3n Permanente del Distrito Judicial de Santiago,\u00a0impuso tres medidas de coerci\u00f3n para una joven que fue<\/p>\n","protected":false},"author":3,"featured_media":17064,"comment_status":"closed","ping_status":"closed","sticky":false,"template":"","format":"standard","meta":[],"categories":[3],"tags":[],"_links":{"self":[{"href":"https:\/\/hormigaradio.com\/index.php?rest_route=\/wp\/v2\/posts\/17080"}],"collection":[{"href":"https:\/\/hormigaradio.com\/index.php?rest_route=\/wp\/v2\/posts"}],"about":[{"href":"https:\/\/hormigaradio.com\/index.php?rest_route=\/wp\/v2\/types\/post"}],"author":[{"embeddable":true,"href":"https:\/\/hormigaradio.com\/index.php?rest_route=\/wp\/v2\/users\/3"}],"replies":[{"embeddable":true,"href":"https:\/\/hormigaradio.com\/index.php?rest_route=%2Fwp%2Fv2%2Fcomments&post=17080"}],"version-history":[{"count":1,"href":"https:\/\/hormigaradio.com\/index.php?rest_route=\/wp\/v2\/posts\/17080\/revisions"}],"predecessor-version":[{"id":17081,"href":"https:\/\/hormigaradio.com\/index.php?rest_route=\/wp\/v2\/posts\/17080\/revisions\/17081"}],"wp:featuredmedia":[{"embeddable":true,"href":"https:\/\/hormigaradio.com\/index.php?rest_route=\/wp\/v2\/media\/17064"}],"wp:attachment":[{"href":"https:\/\/hormigaradio.com\/index.php?rest_route=%2Fwp%2Fv2%2Fmedia&parent=17080"}],"wp:term":[{"taxonomy":"category","embeddable":true,"href":"https:\/\/hormigaradio.com\/index.php?rest_route=%2Fwp%2Fv2%2Fcategories&post=17080"},{"taxonomy":"post_tag","embeddable":true,"href":"https:\/\/hormigaradio.com\/index.php?rest_route=%2Fwp%2Fv2%2Ftags&post=17080"}],"curies":[{"name":"wp","href":"https:\/\/api.w.org\/{rel}","templated":true}]}}