{"id":17093,"date":"2022-10-25T02:18:42","date_gmt":"2022-10-25T02:18:42","guid":{"rendered":"https:\/\/hormigaradio.com\/?p=17093"},"modified":"2022-10-25T02:20:57","modified_gmt":"2022-10-25T02:20:57","slug":"pedro-dominguez-brito-renuncia-del-pld-en-la-moral-politica-no-todo-se-vale-para-ganar","status":"publish","type":"post","link":"https:\/\/hormigaradio.com\/?p=17093","title":{"rendered":"PEDRO DOM\u00cdNGUEZ BRITO RENUNCIA DEL PLD: &#8220;EN LA MORAL POL\u00cdTICA NO TODO SE VALE PARA GANAR&#8221;"},"content":{"rendered":"<p>Por\u00a0<a class=\"text-font font-700\" href=\"https:\/\/acento.com.do\/autor\/index.html?user_slug=servicios\">SERVICIOS DE ACENTO.COM.DO<\/a><\/p>\n<p>El miembro del Comit\u00e9 Central del Partido de la Liberaci\u00f3n Dominicana\u00a0<strong>(PLD),<\/strong>\u00a0<strong>Pedro Dom\u00ednguez Brito<\/strong>, anunci\u00f3 este lunes su renuncia a dicha organizaci\u00f3n pol\u00edtica.<\/p>\n<p>A trav\u00e9s de una carta dirigida al presidente del partido morado,\u00a0<strong>Danilo Medina<\/strong>, el hermano del tambi\u00e9n dirigente pelede\u00edsta,\u00a0<strong>Francisco Dom\u00ednguez Brito<\/strong>, lanz\u00f3 duras cr\u00edticas al partido y la direcci\u00f3n que ha tomado, donde &#8220;lo econ\u00f3mico se impone a los principios&#8221;.<\/p>\n<p>&#8220;En la moral pol\u00edtica no todo se vale para ganar y no todo se debe tolerar. La palabra &#8216;dignidad&#8217; debe estar tatuada en nuestra frente&#8221;, indic\u00f3.<\/p>\n<p>En la misiva, el hasta hoy dirigente del\u00a0<strong>PLD<\/strong>\u00a0asegur\u00f3 que no se mantendr\u00e1 aislado y que participar\u00eda en un ambiente &#8220;donde al menos se respeten las condiciones y la trayectoria de cada quien&#8221;, donde se resalte m\u00e1s el &#8220;ser&#8221; que el &#8220;tener&#8221;.<\/p>\n<p><iframe loading=\"lazy\" src=\"https:\/\/drive.google.com\/file\/d\/1Wvrn2-QGqwtjwIbl2_5imo3tUJbYeNrt\/preview\" width=\"640\" height=\"480\" data-gtm-yt-inspected-2=\"true\" data-gtm-yt-inspected-11=\"true\" data-mce-fragment=\"1\"><\/iframe><\/p>\n<p><strong>Pedro Dom\u00ednguez Brito<\/strong>\u00a0fue asesor legal de la Corporaci\u00f3n Dominicana de Empresas El\u00e9ctricas Estatales\u00a0<strong>(CDEEE)<\/strong>\u00a0desde enero del 2012 hasta septiembre del 2019.<\/p>\n<p>Posteriormente fue designado\u00a0miembro del Consejo Directivo del Instituto Dominicano de las Telecomunicaciones\u00a0<strong>(Indotel),<\/strong> mediante el\u00a0decreto n\u00famero 317-19, del 12 de septiembre de 2019, cargo que ocup\u00f3 hasta el pasado 13 de enero de 2021.<\/p>\n<p>Impactos: 118<\/p>","protected":false},"excerpt":{"rendered":"<p>Por\u00a0SERVICIOS DE ACENTO.COM.DO El miembro del Comit\u00e9 Central del Partido de la Liberaci\u00f3n Dominicana\u00a0(PLD),\u00a0Pedro Dom\u00ednguez Brito, anunci\u00f3 este lunes su renuncia a dicha organizaci\u00f3n<\/p>\n","protected":false},"author":3,"featured_media":17095,"comment_status":"closed","ping_status":"closed","sticky":false,"template":"","format":"standard","meta":[],"categories":[6],"tags":[],"_links":{"self":[{"href":"https:\/\/hormigaradio.com\/index.php?rest_route=\/wp\/v2\/posts\/17093"}],"collection":[{"href":"https:\/\/hormigaradio.com\/index.php?rest_route=\/wp\/v2\/posts"}],"about":[{"href":"https:\/\/hormigaradio.com\/index.php?rest_route=\/wp\/v2\/types\/post"}],"author":[{"embeddable":true,"href":"https:\/\/hormigaradio.com\/index.php?rest_route=\/wp\/v2\/users\/3"}],"replies":[{"embeddable":true,"href":"https:\/\/hormigaradio.com\/index.php?rest_route=%2Fwp%2Fv2%2Fcomments&post=17093"}],"version-history":[{"count":1,"href":"https:\/\/hormigaradio.com\/index.php?rest_route=\/wp\/v2\/posts\/17093\/revisions"}],"predecessor-version":[{"id":17094,"href":"https:\/\/hormigaradio.com\/index.php?rest_route=\/wp\/v2\/posts\/17093\/revisions\/17094"}],"wp:featuredmedia":[{"embeddable":true,"href":"https:\/\/hormigaradio.com\/index.php?rest_route=\/wp\/v2\/media\/17095"}],"wp:attachment":[{"href":"https:\/\/hormigaradio.com\/index.php?rest_route=%2Fwp%2Fv2%2Fmedia&parent=17093"}],"wp:term":[{"taxonomy":"category","embeddable":true,"href":"https:\/\/hormigaradio.com\/index.php?rest_route=%2Fwp%2Fv2%2Fcategories&post=17093"},{"taxonomy":"post_tag","embeddable":true,"href":"https:\/\/hormigaradio.com\/index.php?rest_route=%2Fwp%2Fv2%2Ftags&post=17093"}],"curies":[{"name":"wp","href":"https:\/\/api.w.org\/{rel}","templated":true}]}}