{"id":17096,"date":"2022-10-31T02:17:33","date_gmt":"2022-10-31T02:17:33","guid":{"rendered":"https:\/\/hormigaradio.com\/?p=17096"},"modified":"2022-10-31T02:19:25","modified_gmt":"2022-10-31T02:19:25","slug":"autoridades-investigan-muerte-coreografo-victor-erarte","status":"publish","type":"post","link":"https:\/\/hormigaradio.com\/?p=17096","title":{"rendered":"AUTORIDADES INVESTIGAN MUERTE COREOGRAFO V\u00cdCTOR ERARTE (Fiscal habla del caso)"},"content":{"rendered":"<p><img loading=\"lazy\" class=\"alignnone wp-image-15152\" src=\"http:\/\/hormigaradio.com\/wp-content\/uploads\/2022\/01\/FIRMA-para-Hormiga-Radio-300x158.jpeg\" alt=\"\" width=\"80\" height=\"42\" \/><\/p>\n<p>Fue encontrado muerto este domingo el folclorista\u00a0<strong>V\u00edctor (Vitico) Erarte<\/strong>\u00a0en su residencia, ubicada en la calle Aquiles Garc\u00eda, de Los Jardines Metropolitanos de Santiago.<\/p>\n<div style=\"width: 640px;\" class=\"wp-video\"><!--[if lt IE 9]><script>document.createElement('video');<\/script><![endif]-->\n<video class=\"wp-video-shortcode\" id=\"video-17096-1\" width=\"640\" height=\"352\" preload=\"metadata\" controls=\"controls\"><source type=\"video\/mp4\" src=\"http:\/\/hormigaradio.com\/wp-content\/uploads\/2022\/10\/WhatsApp-Video-2022-10-30-at-10.10.40-PM.mp4?_=1\" \/><a href=\"http:\/\/hormigaradio.com\/wp-content\/uploads\/2022\/10\/WhatsApp-Video-2022-10-30-at-10.10.40-PM.mp4\">http:\/\/hormigaradio.com\/wp-content\/uploads\/2022\/10\/WhatsApp-Video-2022-10-30-at-10.10.40-PM.mp4<\/a><\/video><\/div>\n<p>Hasta el momento se desconocen los detalles del fallecimiento del tambi\u00e9n core\u00f3grafo. Se presume que fue v\u00edctima de la delincuencia y que presenta signos de violencia.<\/p>\n<p>En el a\u00f1o 2021, la Alcald\u00eda de Santiago rindi\u00f3 homenaje a Vitico Erarte y al tambi\u00e9n folklorista Mauricio Garc\u00eda Salom\u00f3n, plasmando sus rostros en un hermoso \u201cMural de Ciudad\u201d, en reconocimiento a sus trayectorias y aportes a la cultura dominicana.<\/p>\n<p>Impactos: 57<\/p>","protected":false},"excerpt":{"rendered":"<p>Fue encontrado muerto este domingo el folclorista\u00a0V\u00edctor (Vitico) Erarte\u00a0en su residencia, ubicada en la calle Aquiles Garc\u00eda, de Los Jardines Metropolitanos de Santiago. Hasta<\/p>\n","protected":false},"author":3,"featured_media":17100,"comment_status":"closed","ping_status":"closed","sticky":false,"template":"","format":"standard","meta":[],"categories":[3],"tags":[],"_links":{"self":[{"href":"https:\/\/hormigaradio.com\/index.php?rest_route=\/wp\/v2\/posts\/17096"}],"collection":[{"href":"https:\/\/hormigaradio.com\/index.php?rest_route=\/wp\/v2\/posts"}],"about":[{"href":"https:\/\/hormigaradio.com\/index.php?rest_route=\/wp\/v2\/types\/post"}],"author":[{"embeddable":true,"href":"https:\/\/hormigaradio.com\/index.php?rest_route=\/wp\/v2\/users\/3"}],"replies":[{"embeddable":true,"href":"https:\/\/hormigaradio.com\/index.php?rest_route=%2Fwp%2Fv2%2Fcomments&post=17096"}],"version-history":[{"count":3,"href":"https:\/\/hormigaradio.com\/index.php?rest_route=\/wp\/v2\/posts\/17096\/revisions"}],"predecessor-version":[{"id":17101,"href":"https:\/\/hormigaradio.com\/index.php?rest_route=\/wp\/v2\/posts\/17096\/revisions\/17101"}],"wp:featuredmedia":[{"embeddable":true,"href":"https:\/\/hormigaradio.com\/index.php?rest_route=\/wp\/v2\/media\/17100"}],"wp:attachment":[{"href":"https:\/\/hormigaradio.com\/index.php?rest_route=%2Fwp%2Fv2%2Fmedia&parent=17096"}],"wp:term":[{"taxonomy":"category","embeddable":true,"href":"https:\/\/hormigaradio.com\/index.php?rest_route=%2Fwp%2Fv2%2Fcategories&post=17096"},{"taxonomy":"post_tag","embeddable":true,"href":"https:\/\/hormigaradio.com\/index.php?rest_route=%2Fwp%2Fv2%2Ftags&post=17096"}],"curies":[{"name":"wp","href":"https:\/\/api.w.org\/{rel}","templated":true}]}}