{"id":17102,"date":"2022-10-31T17:13:50","date_gmt":"2022-10-31T17:13:50","guid":{"rendered":"https:\/\/hormigaradio.com\/?p=17102"},"modified":"2022-10-31T17:40:35","modified_gmt":"2022-10-31T17:40:35","slug":"tres-detenidos-por-muerte-del-folclorista-y-coreografo-vitivo-erarte","status":"publish","type":"post","link":"https:\/\/hormigaradio.com\/?p=17102","title":{"rendered":"TRES DETENIDOS POR MUERTE DEL FOLCLORISTA Y COREOGRAFO VITIVO ERARTE"},"content":{"rendered":"<p>Por\u00a0<a class=\"text-font font-700\" href=\"https:\/\/acento.com.do\/autor\/index.html?user_slug=efe\">EFE<\/a><\/p>\n<p>Tres personas se encuentran detenidas para fines de investigaci\u00f3n por la muerte del folclorista y core\u00f3grafo\u00a0<a href=\"https:\/\/acento.com.do\/actualidad\/hallan-muerto-a-folclorista-vitico-erarte-en-su-casa-en-santiago-9124397.html\"><strong>V\u00edctor Erarte<\/strong><\/a>, conocido popularmente como\u00a0<strong>Vitico,<\/strong>\u00a0cuyo cad\u00e1ver fue encontrado el domingo con signos de violencia en su residencia ubicada en Los Jardines Metropolitanos de Santiago.<\/p>\n<p>El propio director de la\u00a0<strong>Polic\u00eda, Eduardo Alberto Then<\/strong>, asumi\u00f3 &#8220;personalmente&#8221; las investigaciones sobre el hecho, seg\u00fan un comunicado de la instituci\u00f3n del orden.<\/p>\n<p><strong>Then<\/strong>\u00a0&#8220;ha asumido de manera directa las investigaciones de este caso y de inmediato env\u00edo personal para reforzar las investigaciones y dar una respuesta contundente a la mayor brevedad&#8221;, agreg\u00f3 la informaci\u00f3n.<\/p>\n<p>&#8220;Oportunamente se ofrecer\u00e1n mayores detalles del caso&#8221;, concluy\u00f3 el comunicado<\/p>\n<p>Impactos: 29<\/p>","protected":false},"excerpt":{"rendered":"<p>Por\u00a0EFE Tres personas se encuentran detenidas para fines de investigaci\u00f3n por la muerte del folclorista y core\u00f3grafo\u00a0V\u00edctor Erarte, conocido popularmente como\u00a0Vitico,\u00a0cuyo cad\u00e1ver fue encontrado<\/p>\n","protected":false},"author":3,"featured_media":17105,"comment_status":"closed","ping_status":"closed","sticky":false,"template":"","format":"standard","meta":[],"categories":[3],"tags":[],"_links":{"self":[{"href":"https:\/\/hormigaradio.com\/index.php?rest_route=\/wp\/v2\/posts\/17102"}],"collection":[{"href":"https:\/\/hormigaradio.com\/index.php?rest_route=\/wp\/v2\/posts"}],"about":[{"href":"https:\/\/hormigaradio.com\/index.php?rest_route=\/wp\/v2\/types\/post"}],"author":[{"embeddable":true,"href":"https:\/\/hormigaradio.com\/index.php?rest_route=\/wp\/v2\/users\/3"}],"replies":[{"embeddable":true,"href":"https:\/\/hormigaradio.com\/index.php?rest_route=%2Fwp%2Fv2%2Fcomments&post=17102"}],"version-history":[{"count":1,"href":"https:\/\/hormigaradio.com\/index.php?rest_route=\/wp\/v2\/posts\/17102\/revisions"}],"predecessor-version":[{"id":17103,"href":"https:\/\/hormigaradio.com\/index.php?rest_route=\/wp\/v2\/posts\/17102\/revisions\/17103"}],"wp:featuredmedia":[{"embeddable":true,"href":"https:\/\/hormigaradio.com\/index.php?rest_route=\/wp\/v2\/media\/17105"}],"wp:attachment":[{"href":"https:\/\/hormigaradio.com\/index.php?rest_route=%2Fwp%2Fv2%2Fmedia&parent=17102"}],"wp:term":[{"taxonomy":"category","embeddable":true,"href":"https:\/\/hormigaradio.com\/index.php?rest_route=%2Fwp%2Fv2%2Fcategories&post=17102"},{"taxonomy":"post_tag","embeddable":true,"href":"https:\/\/hormigaradio.com\/index.php?rest_route=%2Fwp%2Fv2%2Ftags&post=17102"}],"curies":[{"name":"wp","href":"https:\/\/api.w.org\/{rel}","templated":true}]}}