{"id":17120,"date":"2022-11-08T13:45:03","date_gmt":"2022-11-08T13:45:03","guid":{"rendered":"https:\/\/hormigaradio.com\/?p=17120"},"modified":"2022-11-08T13:45:03","modified_gmt":"2022-11-08T13:45:03","slug":"autoridades-buscan-hombre-habria-llegado-con-victor-erarte-su-casa","status":"publish","type":"post","link":"https:\/\/hormigaradio.com\/?p=17120","title":{"rendered":"AUTORIDADES BUSCAN HOMBRE HABR\u00cdA LLEGADO CON V\u00cdCTOR ERARTE SU CASA"},"content":{"rendered":"<p><img loading=\"lazy\" class=\"size-medium wp-image-17100 alignleft\" src=\"http:\/\/hormigaradio.com\/wp-content\/uploads\/2022\/10\/313433645_10221561555243738_2363853200425380328_n-300x200.jpg\" alt=\"\" width=\"300\" height=\"200\" srcset=\"https:\/\/hormigaradio.com\/wp-content\/uploads\/2022\/10\/313433645_10221561555243738_2363853200425380328_n-300x200.jpg 300w, https:\/\/hormigaradio.com\/wp-content\/uploads\/2022\/10\/313433645_10221561555243738_2363853200425380328_n-768x512.jpg 768w, https:\/\/hormigaradio.com\/wp-content\/uploads\/2022\/10\/313433645_10221561555243738_2363853200425380328_n.jpg 1024w\" sizes=\"(max-width: 300px) 100vw, 300px\" \/>Por\u00a0<a class=\"text-font font-700\" href=\"https:\/\/acento.com.do\/autor\/index.html?user_slug=mlaureano\">M\u00c1XIMO LAUREANO<\/a><\/p>\n<p>Un joven que habr\u00eda llegado a la casa del core\u00f3grafo\u00a0<a href=\"https:\/\/acento.com.do\/buscar.html?keyword=Victor%20Erarte\"><strong>V\u00edctor Erarte<\/strong><\/a>, en compa\u00f1\u00eda del reconocido artista, se convirti\u00f3 en persona de inter\u00e9s en el caso, seg\u00fan informaciones suministradas a\u00a0<strong>Acento.<\/strong><\/p>\n<p>Fuentes ligadas a la investigaci\u00f3n indicaron que, en grabaciones, se observa al hombre llegar a la casa de\u00a0<strong>Erarte<\/strong>\u00a0en una camioneta negra, alrededor de la 1:00 de la tarde del domingo 30 de octubre.<\/p>\n<p>Posteriormente, se le habr\u00eda visto salir de la residencia ubicada en la calle\u00a0<strong>Aquiles Ram\u00edrez<\/strong>, de los Jardines Metropolitanos, e irse en una motocicleta (presunto motoconcho), sin que se precisara el tiempo transcurrido.<\/p>\n<p>Hasta el momento, no se tiene la identificaci\u00f3n de la persona que lleg\u00f3 con\u00a0<strong>Erarte.<\/strong>\u00a0No obstante, los investigadores consultados aseguran que se tiene evidencia de que el artista antes recogi\u00f3 al hombre en un punto y que de ah\u00ed llegaron a la residencia.<\/p>\n<p>El fiscal titular de Santiago,\u00a0<strong>Osvaldo Bonilla<\/strong>, tras el levantamiento del cad\u00e1ver, indic\u00f3 que\u00a0<strong>V\u00edctor Erarte<\/strong>\u00a0fue hallado muerto en su casa, alrededor de las cuatro de la tarde del 30 de octubre, con signos de haber sido golpeado en el rostro.<\/p>\n<p>En los primeros informes, las autoridades informaron que hab\u00edan detenido a tres personas para fines de investigaci\u00f3n y que luego fueron dejadas en libertad.<\/p>\n<p>Asimismo, se inform\u00f3 que en el acta de defunci\u00f3n se estableci\u00f3 que la muerte\u00a0de\u00a0<strong>Erarte<\/strong>\u00a0habr\u00eda sido por estrangulamiento.<\/p>\n<p>Las investigaciones para aclarar el homicidio o asesinato del folclorista, V\u00edctor Erarte, fueron asumida por el director de la Polic\u00eda Nacional, mayor general, Eduardo Alberto Then, seg\u00fan anunci\u00f3 la vocer\u00eda de la instituci\u00f3n, tras el caso.<\/p>\n<p>\u201cLa Direcci\u00f3n General de la Polic\u00eda Nacional inform\u00f3 que el director general de esa instituci\u00f3n, mayor general Eduardo Alberto Then, asumi\u00f3 las investigaciones de manera personal para esclarecer la muerte del folclorista V\u00edctor (Vitico)\u00a0<strong>Erarte\u201d,<\/strong>\u00a0se lee en un comunicado oficial.<\/p>\n<p>Desde Santiago, el\u00a0<strong>Ministerio P\u00fablico<\/strong>, establece que las investigaciones est\u00e1n avanzadas, no obstante, informan, que no ofrecen detalles de manera p\u00fablica, para mantener la privacidad del proceso.<\/p>\n<p>Impactos: 31<\/p>","protected":false},"excerpt":{"rendered":"<p>Por\u00a0M\u00c1XIMO LAUREANO Un joven que habr\u00eda llegado a la casa del core\u00f3grafo\u00a0V\u00edctor Erarte, en compa\u00f1\u00eda del reconocido artista, se convirti\u00f3 en persona de inter\u00e9s<\/p>\n","protected":false},"author":3,"featured_media":17064,"comment_status":"closed","ping_status":"closed","sticky":false,"template":"","format":"standard","meta":[],"categories":[3],"tags":[],"_links":{"self":[{"href":"https:\/\/hormigaradio.com\/index.php?rest_route=\/wp\/v2\/posts\/17120"}],"collection":[{"href":"https:\/\/hormigaradio.com\/index.php?rest_route=\/wp\/v2\/posts"}],"about":[{"href":"https:\/\/hormigaradio.com\/index.php?rest_route=\/wp\/v2\/types\/post"}],"author":[{"embeddable":true,"href":"https:\/\/hormigaradio.com\/index.php?rest_route=\/wp\/v2\/users\/3"}],"replies":[{"embeddable":true,"href":"https:\/\/hormigaradio.com\/index.php?rest_route=%2Fwp%2Fv2%2Fcomments&post=17120"}],"version-history":[{"count":1,"href":"https:\/\/hormigaradio.com\/index.php?rest_route=\/wp\/v2\/posts\/17120\/revisions"}],"predecessor-version":[{"id":17121,"href":"https:\/\/hormigaradio.com\/index.php?rest_route=\/wp\/v2\/posts\/17120\/revisions\/17121"}],"wp:featuredmedia":[{"embeddable":true,"href":"https:\/\/hormigaradio.com\/index.php?rest_route=\/wp\/v2\/media\/17064"}],"wp:attachment":[{"href":"https:\/\/hormigaradio.com\/index.php?rest_route=%2Fwp%2Fv2%2Fmedia&parent=17120"}],"wp:term":[{"taxonomy":"category","embeddable":true,"href":"https:\/\/hormigaradio.com\/index.php?rest_route=%2Fwp%2Fv2%2Fcategories&post=17120"},{"taxonomy":"post_tag","embeddable":true,"href":"https:\/\/hormigaradio.com\/index.php?rest_route=%2Fwp%2Fv2%2Ftags&post=17120"}],"curies":[{"name":"wp","href":"https:\/\/api.w.org\/{rel}","templated":true}]}}