{"id":17128,"date":"2022-11-08T15:38:31","date_gmt":"2022-11-08T15:38:31","guid":{"rendered":"https:\/\/hormigaradio.com\/?p=17128"},"modified":"2022-11-08T15:38:31","modified_gmt":"2022-11-08T15:38:31","slug":"director-general-de-coraasan-llama-a-la-poblacion-a-colaborar-con-el-personal-del-censo-2022","status":"publish","type":"post","link":"https:\/\/hormigaradio.com\/?p=17128","title":{"rendered":"DIRECTOR GENERAL DE CORAASAN LLAMA A LA POBLACI\u00d3N A COLABORAR CON EL PERSONAL DEL &#8220;CENSO 2022&#8221;"},"content":{"rendered":"<p align=\"justify\"><span style=\"color: #222222;\"><span style=\"font-family: Times New Roman, serif;\"><span style=\"font-size: large;\"><img loading=\"lazy\" class=\"size-medium wp-image-17129 alignleft\" src=\"http:\/\/hormigaradio.com\/wp-content\/uploads\/2022\/11\/Director-general-Ing.-Andres-Burgos-300x166.jpeg\" alt=\"\" width=\"300\" height=\"166\" srcset=\"https:\/\/hormigaradio.com\/wp-content\/uploads\/2022\/11\/Director-general-Ing.-Andres-Burgos-300x166.jpeg 300w, https:\/\/hormigaradio.com\/wp-content\/uploads\/2022\/11\/Director-general-Ing.-Andres-Burgos-1024x566.jpeg 1024w, https:\/\/hormigaradio.com\/wp-content\/uploads\/2022\/11\/Director-general-Ing.-Andres-Burgos-768x424.jpeg 768w, https:\/\/hormigaradio.com\/wp-content\/uploads\/2022\/11\/Director-general-Ing.-Andres-Burgos.jpeg 1243w\" sizes=\"(max-width: 300px) 100vw, 300px\" \/><\/span><\/span><\/span><\/p>\n<p align=\"justify\"><img loading=\"lazy\" class=\"alignnone  wp-image-15152\" src=\"http:\/\/hormigaradio.com\/wp-content\/uploads\/2022\/01\/FIRMA-para-Hormiga-Radio-300x158.jpeg\" alt=\"\" width=\"87\" height=\"46\" \/><span style=\"color: #222222;\"><span style=\"font-family: Times New Roman, serif;\"><span style=\"font-size: large;\">Santiago de los Caballeros, Santiago, RD.- El director general de la Corporaci\u00f3n del Acueducto y Alcantarillado de Santiago (Coraasan), ingeniero Andr\u00e9s Burgos,<\/span><\/span><span style=\"color: #212121;\"><span style=\"font-family: Times New Roman, serif;\"><span style=\"font-size: large;\">hizo un llamado a la poblaci\u00f3n a colaborar con el personal designado por la Oficina Nacional de Estad\u00edstica (ONE), que empadronar\u00e1 a los dominicanos.<\/span><\/span><\/span><\/span><\/p>\n<p align=\"justify\"><span style=\"color: #212121;\"><span style=\"font-family: Times New Roman, serif;\"><span style=\"font-size: large;\">Burgos inform\u00f3 que el X Censo Nacional de Poblaci\u00f3n y Vivienda 2022 se estar\u00e1 realizando desde el 10 al 23 noviembre del presente a\u00f1o.<\/span><\/span><\/span><\/p>\n<p align=\"justify\"><span style=\"color: #212121;\"><span style=\"font-family: Times New Roman, serif;\"><span style=\"font-size: large;\">&#8220;Les solicitamos a la ciudadan\u00eda a abrir las puertas de sus viviendas y recibir al personal de empadronamiento que estar\u00e1 debidamente identificado y les visitar\u00e1 en horario de 8:00 de la ma\u00f1ana a 5:00 de la tarde&#8221;, manifest\u00f3 el ejecutivo a trav\u00e9s de las redes sociales de Coraasan.<\/span><\/span><\/span><\/p>\n<p align=\"justify\"><span style=\"color: #212121;\"><span style=\"font-family: Times New Roman, serif;\"><span style=\"font-size: large;\">Asimismo, inst\u00f3 a los ciudadanos a responder las preguntas con toda sinceridad para as\u00ed obtener resultados confiables.<\/span><\/span><\/span><\/p>\n<p align=\"justify\"><span style=\"color: #212121;\"><span style=\"font-family: Times New Roman, serif;\"><span style=\"font-size: large;\">El funcionario dijo que al igual que otras instituciones estatales, Coraasan, se integrar\u00e1 a la jornada para lograr el \u00e9xito de la misma, al tiempo que, indic\u00f3 que pondr\u00e1n a disposici\u00f3n de la ONE, los recursos y los colaboradores que necesiten para la efectiva ejecuci\u00f3n del empadronamiento en esta provincia.<\/span><\/span><\/span><\/p>\n<p align=\"justify\"><span style=\"color: #212121;\"><span style=\"font-family: Times New Roman, serif;\"><span style=\"font-size: large;\">&#8220;Este censo ayudar\u00e1 al gobierno a conocer cu\u00e1les son las necesidades de la poblaci\u00f3n en materia de inversi\u00f3n p\u00fablica&#8221;, concluy\u00f3.<\/span><\/span><\/span><\/p>\n<p align=\"justify\"><span style=\"color: #212121;\"><span style=\"font-family: Times New Roman, serif;\"><span style=\"font-size: large;\">El censo es la operaci\u00f3n estad\u00edstica m\u00e1s grande y de mayor relevancia que realiza un conteo y caracterizaci\u00f3n de todas y todos los habitantes, las viviendas y los hogares de todas personas residentes en un pa\u00eds, con \u00e9nfasis en temas socioecon\u00f3micos y demogr\u00e1ficos.<\/span><\/span><\/span><\/p>\n<p>Impactos: 30<\/p>","protected":false},"excerpt":{"rendered":"<p>Santiago de los Caballeros, Santiago, RD.- El director general de la Corporaci\u00f3n del Acueducto y Alcantarillado de Santiago (Coraasan), ingeniero Andr\u00e9s Burgos,hizo un llamado<\/p>\n","protected":false},"author":3,"featured_media":17129,"comment_status":"closed","ping_status":"closed","sticky":false,"template":"","format":"standard","meta":[],"categories":[3],"tags":[],"_links":{"self":[{"href":"https:\/\/hormigaradio.com\/index.php?rest_route=\/wp\/v2\/posts\/17128"}],"collection":[{"href":"https:\/\/hormigaradio.com\/index.php?rest_route=\/wp\/v2\/posts"}],"about":[{"href":"https:\/\/hormigaradio.com\/index.php?rest_route=\/wp\/v2\/types\/post"}],"author":[{"embeddable":true,"href":"https:\/\/hormigaradio.com\/index.php?rest_route=\/wp\/v2\/users\/3"}],"replies":[{"embeddable":true,"href":"https:\/\/hormigaradio.com\/index.php?rest_route=%2Fwp%2Fv2%2Fcomments&post=17128"}],"version-history":[{"count":2,"href":"https:\/\/hormigaradio.com\/index.php?rest_route=\/wp\/v2\/posts\/17128\/revisions"}],"predecessor-version":[{"id":17131,"href":"https:\/\/hormigaradio.com\/index.php?rest_route=\/wp\/v2\/posts\/17128\/revisions\/17131"}],"wp:featuredmedia":[{"embeddable":true,"href":"https:\/\/hormigaradio.com\/index.php?rest_route=\/wp\/v2\/media\/17129"}],"wp:attachment":[{"href":"https:\/\/hormigaradio.com\/index.php?rest_route=%2Fwp%2Fv2%2Fmedia&parent=17128"}],"wp:term":[{"taxonomy":"category","embeddable":true,"href":"https:\/\/hormigaradio.com\/index.php?rest_route=%2Fwp%2Fv2%2Fcategories&post=17128"},{"taxonomy":"post_tag","embeddable":true,"href":"https:\/\/hormigaradio.com\/index.php?rest_route=%2Fwp%2Fv2%2Ftags&post=17128"}],"curies":[{"name":"wp","href":"https:\/\/api.w.org\/{rel}","templated":true}]}}