{"id":17132,"date":"2022-11-08T15:44:52","date_gmt":"2022-11-08T15:44:52","guid":{"rendered":"https:\/\/hormigaradio.com\/?p=17132"},"modified":"2022-11-08T15:44:52","modified_gmt":"2022-11-08T15:44:52","slug":"dias-feriados-del-ano-2023","status":"publish","type":"post","link":"https:\/\/hormigaradio.com\/?p=17132","title":{"rendered":"D\u00cdAS FERIADOS DEL A\u00d1O 2023"},"content":{"rendered":"<p><span lang=\"ES\"><img loading=\"lazy\" class=\"size-medium wp-image-17133 alignleft\" src=\"http:\/\/hormigaradio.com\/wp-content\/uploads\/2022\/11\/mintierio-de-trabajo-300x225.jpeg\" alt=\"\" width=\"300\" height=\"225\" srcset=\"https:\/\/hormigaradio.com\/wp-content\/uploads\/2022\/11\/mintierio-de-trabajo-300x225.jpeg 300w, https:\/\/hormigaradio.com\/wp-content\/uploads\/2022\/11\/mintierio-de-trabajo-1024x768.jpeg 1024w, https:\/\/hormigaradio.com\/wp-content\/uploads\/2022\/11\/mintierio-de-trabajo-768x576.jpeg 768w, https:\/\/hormigaradio.com\/wp-content\/uploads\/2022\/11\/mintierio-de-trabajo.jpeg 1280w\" sizes=\"(max-width: 300px) 100vw, 300px\" \/><\/span><\/p>\n<p><span lang=\"ES\">El Ministerio de Trabajo anunci\u00f3 ayer lunes las fechas correspondientes a los\u00a0<strong>d\u00edas feriados<\/strong>\u00a0durante el a\u00f1o\u00a0<strong>2023<\/strong>. En total, son 12 d\u00edas feriados en todo el a\u00f1o, de los que s\u00f3lo dos se mueven de\u00a0<strong>fecha<\/strong>, de acuerdo a la La Ley No. 139-97 sobre traslado de los\u00a0<strong>d\u00edas feriados<\/strong>.<\/span><\/p>\n<p><span lang=\"ES\">La Ley No. 139-97, de fecha 19 del mes de junio del a\u00f1o 1997, sobre traslado para los lunes de los\u00a0<strong>d\u00edas feriados<\/strong>\u00a0que coincidan con los martes, mi\u00e9rcoles, jueves o viernes, fue publicada en la Gaceta Oficial No. 9957, de fecha 25 de junio de 1997, entr\u00f3 en vigor el 27 del mismo mes y a\u00f1o, por lo que, de conformidad con lo establecido por la legislaci\u00f3n, debe ser aplicada en todos los establecimientos del pa\u00eds.\u00a0<\/span><span lang=\"ES-DO\"><u><\/u>\u00a0<u><\/u><\/span><\/p>\n<p>Los d\u00edas de celebraci\u00f3n religiosa, como el\u00a0<span lang=\"ES\">d\u00eda de Nuestra Se\u00f1ora de la Altagracia,\u00a0Viernes Santo,\u00a0Corpus Christi y d\u00eda de Nuestra Se\u00f1ora de las Mercedes; est\u00e1n exentos de esta ley.<\/span><\/p>\n<p><span lang=\"ES\">En tal virtud, los\u00a0<strong>d\u00edas feriados<\/strong>\u00a0se aplicar\u00e1n de la siguiente manera:<\/span><\/p>\n<ul>\n<li><span lang=\"ES\"><strong>D<\/strong><b>omingo 01 de enero<\/b><\/span><span lang=\"ES\">, fecha de celebraci\u00f3n del A\u00f1o Nuevo, no se cambia.\u00a0<\/span><span lang=\"ES-DO\">\u00a0<\/span><\/li>\n<li><span lang=\"ES\"><strong>V<\/strong><b>iernes 06 de enero<\/b><\/span><span lang=\"ES\">, d\u00eda de los Santos Reyes, se trabaja y se cambia para el\u00a0<strong>lunes 09 de enero<\/strong>.\u00a0<\/span><span lang=\"ES-DO\">\u00a0<\/span><\/li>\n<li><span lang=\"ES\"><strong>S<\/strong><b>\u00e1bado 21 de enero<\/b><\/span><span lang=\"ES\">, d\u00eda de Nuestra Se\u00f1ora de la Altagracia, no se cambia.\u00a0<\/span><\/li>\n<li><span lang=\"ES\"><strong>J<\/strong><b>ueves 26 de enero<\/b><\/span><span lang=\"ES\">, fecha en que se conmemora el natalicio de Juan Pablo Duarte, se trabaja y se cambia para el<\/span><strong><span lang=\"ES\">lunes 30 de enero.\u00a0<\/span><span lang=\"ES-DO\">\u00a0<\/span><\/strong><\/li>\n<li><strong><span lang=\"ES\">Lunes 27 de febrero<\/span><\/strong><span lang=\"ES\">, d\u00eda de la Independencia Nacional es inamovible.\u00a0<\/span><span lang=\"ES-DO\">\u00a0<\/span><\/li>\n<li><strong><span lang=\"ES\">Viernes 7 de abril<\/span><\/strong><span lang=\"ES\">, Viernes Santo, festividad religiosa en que se conmemora la muerte de Jesucristo. Tambi\u00e9n es inamovible.\u00a0<\/span><span lang=\"ES-DO\">\u00a0<\/span><\/li>\n<li><strong><span lang=\"ES\">Lunes 01 de mayo<\/span><\/strong><span lang=\"ES\">, d\u00eda del Trabajo, no se cambia.<\/span><span lang=\"ES-DO\">\u00a0<\/span><\/li>\n<li><strong><span lang=\"ES\">Jueves 08 de junio<\/span><\/strong><span lang=\"ES\">, d\u00eda en que se celebra la festividad religiosa Corpus Christi, no se cambia.\u00a0<\/span><span lang=\"ES-DO\">\u00a0<\/span><span lang=\"ES-DO\">\u00a0<\/span><\/li>\n<li><strong><span lang=\"ES\">Mi\u00e9rcoles 16 de agosto<\/span><\/strong><span lang=\"ES\">, d\u00eda de la Restauraci\u00f3n de la Rep\u00fablica, en atenci\u00f3n al Art\u00edculo 35 de la Constituci\u00f3n y a la Sentencia No. 14 del 20\/02\/2008 de la Suprema Corte de Justicia, no se cambia.\u00a0<\/span><\/li>\n<li><strong><span lang=\"ES\">Domingo 24 de septiembre<\/span><\/strong><span lang=\"ES\">, d\u00eda de Nuestra Se\u00f1ora de las Mercedes. Se celebra en su fecha correspondiente.<\/span><\/li>\n<li><span lang=\"ES\"><strong>Lunes 06 de noviembre<\/strong>, d\u00eda de la Constituci\u00f3n.\u00a0Se celebra en su fecha correspondiente.<\/span><\/li>\n<li><strong><span lang=\"ES\">Lunes 25 de diciembre<\/span><\/strong><span lang=\"ES\">, d\u00eda de Navidad o nacimiento de Jes\u00fas, no se cambia.\u00a0<\/span><span lang=\"ES-DO\"><u><\/u>\u00a0<u><\/u><\/span><\/li>\n<\/ul>\n<p><span lang=\"ES\">El Ministerio de Trabajo indic\u00f3 que esta informaci\u00f3n completa puede ser descargada en el portal web de la instituci\u00f3n\u00a0<a href=\"http:\/\/www.mt.gob.do\/\" target=\"_blank\" rel=\"noopener\" data-saferedirecturl=\"https:\/\/www.google.com\/url?q=http:\/\/www.mt.gob.do&amp;source=gmail&amp;ust=1668000866736000&amp;usg=AOvVaw2kZjYylInOInssM4ojdsGt\">www.mt.gob.do<\/a>\u00a0y ya est\u00e1 publicada en sus redes sociales institucionales.\u00a0<\/span><\/p>\n<p>Impactos: 86<\/p>","protected":false},"excerpt":{"rendered":"<p>El Ministerio de Trabajo anunci\u00f3 ayer lunes las fechas correspondientes a los\u00a0d\u00edas feriados\u00a0durante el a\u00f1o\u00a02023. En total, son 12 d\u00edas feriados en todo el<\/p>\n","protected":false},"author":3,"featured_media":17133,"comment_status":"closed","ping_status":"closed","sticky":false,"template":"","format":"standard","meta":[],"categories":[3],"tags":[],"_links":{"self":[{"href":"https:\/\/hormigaradio.com\/index.php?rest_route=\/wp\/v2\/posts\/17132"}],"collection":[{"href":"https:\/\/hormigaradio.com\/index.php?rest_route=\/wp\/v2\/posts"}],"about":[{"href":"https:\/\/hormigaradio.com\/index.php?rest_route=\/wp\/v2\/types\/post"}],"author":[{"embeddable":true,"href":"https:\/\/hormigaradio.com\/index.php?rest_route=\/wp\/v2\/users\/3"}],"replies":[{"embeddable":true,"href":"https:\/\/hormigaradio.com\/index.php?rest_route=%2Fwp%2Fv2%2Fcomments&post=17132"}],"version-history":[{"count":1,"href":"https:\/\/hormigaradio.com\/index.php?rest_route=\/wp\/v2\/posts\/17132\/revisions"}],"predecessor-version":[{"id":17134,"href":"https:\/\/hormigaradio.com\/index.php?rest_route=\/wp\/v2\/posts\/17132\/revisions\/17134"}],"wp:featuredmedia":[{"embeddable":true,"href":"https:\/\/hormigaradio.com\/index.php?rest_route=\/wp\/v2\/media\/17133"}],"wp:attachment":[{"href":"https:\/\/hormigaradio.com\/index.php?rest_route=%2Fwp%2Fv2%2Fmedia&parent=17132"}],"wp:term":[{"taxonomy":"category","embeddable":true,"href":"https:\/\/hormigaradio.com\/index.php?rest_route=%2Fwp%2Fv2%2Fcategories&post=17132"},{"taxonomy":"post_tag","embeddable":true,"href":"https:\/\/hormigaradio.com\/index.php?rest_route=%2Fwp%2Fv2%2Ftags&post=17132"}],"curies":[{"name":"wp","href":"https:\/\/api.w.org\/{rel}","templated":true}]}}