{"id":17305,"date":"2022-12-09T17:12:03","date_gmt":"2022-12-09T17:12:03","guid":{"rendered":"https:\/\/hormigaradio.com\/?p=17305"},"modified":"2022-12-09T17:14:41","modified_gmt":"2022-12-09T17:14:41","slug":"abinader-insiste-comunidad-internacional-debe-auxiliar-a-haiti","status":"publish","type":"post","link":"https:\/\/hormigaradio.com\/?p=17305","title":{"rendered":"ABINADER INSISTE COMUNIDAD INTERNACIONAL DEBE AUXILIAR A HAIT\u00cd"},"content":{"rendered":"<figure id=\"attachment_17306\" aria-describedby=\"caption-attachment-17306\" style=\"width: 300px\" class=\"wp-caption alignleft\"><img loading=\"lazy\" class=\"wp-image-17306 size-medium\" src=\"http:\/\/hormigaradio.com\/wp-content\/uploads\/2022\/12\/luis-300x200.jpg\" alt=\"\" width=\"300\" height=\"200\" srcset=\"https:\/\/hormigaradio.com\/wp-content\/uploads\/2022\/12\/luis-300x200.jpg 300w, https:\/\/hormigaradio.com\/wp-content\/uploads\/2022\/12\/luis-1024x683.jpg 1024w, https:\/\/hormigaradio.com\/wp-content\/uploads\/2022\/12\/luis-768x512.jpg 768w, https:\/\/hormigaradio.com\/wp-content\/uploads\/2022\/12\/luis-1536x1024.jpg 1536w, https:\/\/hormigaradio.com\/wp-content\/uploads\/2022\/12\/luis-2048x1365.jpg 2048w\" sizes=\"(max-width: 300px) 100vw, 300px\" \/><figcaption id=\"caption-attachment-17306\" class=\"wp-caption-text\"><em><strong>Presidente Luis Abinader<\/strong> <\/em><\/figcaption><\/figure>\n<p>El presidente de la Rep\u00fablica,\u00a0<strong>Luis Abinader<\/strong>, llam\u00f3 a los pa\u00edses que integran el<a href=\"https:\/\/presidencia.gob.do\/noticias\/presidente-abinader-plantea-en-la-lvi-reunion-del-sica-fortalecer-entes-regionales-para\"> Sistema Integral Centroamericano<\/a>\u00a0<strong>(<a href=\"https:\/\/acento.com.do\/buscar.html?keyword=SICA\">SICA<\/a>),<\/strong> a asumir sus respectivos compromisos, en relaci\u00f3n a la situaci\u00f3n de inestabilidad que tiene Hait\u00ed, adem\u00e1s de insistir que la comunidad internacional tiene el deber de ir en auxilio de ese pa\u00eds.<\/p>\n<p>El mandatario toc\u00f3 el tema en la apertura de las discusiones de la LVI Reuni\u00f3n de Jefes de Estado y de Gobierno del\u00a0<strong>SICA,<\/strong>\u00a0que se desarrolla en la ciudad de Santiago de los Caballeros, los d\u00edas 8 y 9 de diciembre del 2022.<\/p>\n<p>&#8220;Antes de continuar, debo mencionar un tema de suma importancia para Rep\u00fablica Dominicana. Como ustedes conocen, la vecina naci\u00f3n de la Rep\u00fablica de Hait\u00ed, recientemente, ha visto su estabilidad pol\u00edtica y social deteriorarse, desatando oleadas de emigraci\u00f3n, en la mayor\u00eda de los casos irregular y desordenada, siendo el primer destino Rep\u00fablica Dominicana e incluso otros pa\u00edses de la regi\u00f3n SICA&#8221;, afirm\u00f3 el presidente\u00a0<strong>Abinader.<\/strong><\/p>\n<p>En su discurso, el mandatario dominicano plante\u00f3 que ha habido un incremento generalizado de las migraciones en todo el mundo, lo que se convierte en una realidad que tiene impacto en toda regi\u00f3n, incluidos pa\u00edses del\u00a0<strong>SICA.<\/strong><\/p>\n<p>&#8220;Es imperativo que desde el\u00a0<a href=\"https:\/\/presidencia.gob.do\/noticias\/presidente-abinader-plantea-en-la-lvi-reunion-del-sica-fortalecer-entes-regionales-para\"><strong>SICA<\/strong><\/a>\u00a0y en cada uno de los organismos donde tenemos espacios de di\u00e1logo, trabajemos seriamente por lograr un mejor ordenamiento de los movimientos de personas, pues si bien somos conscientes de que los mismos se producen por factores estructurales propios del escaso desarrollo de nuestras econom\u00edas, tambi\u00e9n es cierto que es obligaci\u00f3n de cada gobierno asumir los niveles de compromiso que les corresponde, sobre todo si son emisores&#8221;, dijo\u00a0<strong>Abinder<\/strong>\u00a0previo a iniciar las conversaciones sobre otros temas comunes entre las ocho naciones de la reuni\u00f3n.<\/p>\n<p>&#8220;Llamamos la atenci\u00f3n de este c\u00f3nclave para que se haga conciencia de que el sacrificio que hace Rep\u00fablica Dominicana con el exceso de inmigrantes irregulares supera sus posibilidades de asimilaci\u00f3n, por lo que la comunidad internacional tiene la obligaci\u00f3n de acudir en ayuda de\u00a0<strong>Hait\u00ed<\/strong>\u00a0para superar los sufrimientos que soporta ese pueblo y, sobre todo, que su gobierno pueda asumir mayor nivel de responsabilidad frente a los pa\u00edses receptores&#8221;, expres\u00f3 el presidente dominicano<\/p>\n<p>&nbsp;<\/p>\n<p>&nbsp;<\/p>\n<p>&nbsp;<\/p>\n<p>&nbsp;<\/p>\n<p>&nbsp;<\/p>\n<p>Impactos: 56<\/p>","protected":false},"excerpt":{"rendered":"<p>El presidente de la Rep\u00fablica,\u00a0Luis Abinader, llam\u00f3 a los pa\u00edses que integran el Sistema Integral Centroamericano\u00a0(SICA), a asumir sus respectivos compromisos, en relaci\u00f3n a<\/p>\n","protected":false},"author":3,"featured_media":17309,"comment_status":"closed","ping_status":"closed","sticky":false,"template":"","format":"standard","meta":[],"categories":[6],"tags":[14],"_links":{"self":[{"href":"https:\/\/hormigaradio.com\/index.php?rest_route=\/wp\/v2\/posts\/17305"}],"collection":[{"href":"https:\/\/hormigaradio.com\/index.php?rest_route=\/wp\/v2\/posts"}],"about":[{"href":"https:\/\/hormigaradio.com\/index.php?rest_route=\/wp\/v2\/types\/post"}],"author":[{"embeddable":true,"href":"https:\/\/hormigaradio.com\/index.php?rest_route=\/wp\/v2\/users\/3"}],"replies":[{"embeddable":true,"href":"https:\/\/hormigaradio.com\/index.php?rest_route=%2Fwp%2Fv2%2Fcomments&post=17305"}],"version-history":[{"count":4,"href":"https:\/\/hormigaradio.com\/index.php?rest_route=\/wp\/v2\/posts\/17305\/revisions"}],"predecessor-version":[{"id":17311,"href":"https:\/\/hormigaradio.com\/index.php?rest_route=\/wp\/v2\/posts\/17305\/revisions\/17311"}],"wp:featuredmedia":[{"embeddable":true,"href":"https:\/\/hormigaradio.com\/index.php?rest_route=\/wp\/v2\/media\/17309"}],"wp:attachment":[{"href":"https:\/\/hormigaradio.com\/index.php?rest_route=%2Fwp%2Fv2%2Fmedia&parent=17305"}],"wp:term":[{"taxonomy":"category","embeddable":true,"href":"https:\/\/hormigaradio.com\/index.php?rest_route=%2Fwp%2Fv2%2Fcategories&post=17305"},{"taxonomy":"post_tag","embeddable":true,"href":"https:\/\/hormigaradio.com\/index.php?rest_route=%2Fwp%2Fv2%2Ftags&post=17305"}],"curies":[{"name":"wp","href":"https:\/\/api.w.org\/{rel}","templated":true}]}}