{"id":17418,"date":"2023-01-09T02:29:41","date_gmt":"2023-01-09T02:29:41","guid":{"rendered":"https:\/\/hormigaradio.com\/?p=17418"},"modified":"2023-01-09T02:32:29","modified_gmt":"2023-01-09T02:32:29","slug":"bolsonaristas-radicales-invaden-el-palacio-presidencial-de-brasil","status":"publish","type":"post","link":"https:\/\/hormigaradio.com\/?p=17418","title":{"rendered":"BOLSONARISTAS RADICALES INVADEN EL PALACIO PRESIDENCIAL DE BRASIL"},"content":{"rendered":"<p>Por\u00a0<a class=\"text-font font-700\" href=\"https:\/\/acento.com.do\/autor\/index.html?user_slug=efe\">EFE\u00a0<\/a><\/p>\n<p>Seguidores del\u00a0<strong>expresidente brasile\u00f1o Jair Bolsonaro<\/strong>\u00a0invadieron este domingo el\u00a0<strong>Palacio de Planalto<\/strong>, sede del Ejecutivo, y la\u00a0<strong>Corte Suprema<\/strong>, despu\u00e9s de haber invadido antes el\u00a0<strong>Congreso Nacional<\/strong>\u00a0en actos golpistas contra el\u00a0<strong>presidente de Brasil, Luiz In\u00e1cio Lula da Silva<\/strong>.<\/p>\n<p>Los ventanales de la sede del\u00a0<strong>Poder Judicial<\/strong>\u00a0fueron rotos por los manifestantes, que ya ocupan los edificios de los tres poderes en el pa\u00eds.<\/p>\n<p>Lula, quien est\u00e1 de visita en el interior del estado de Sao Paulo, no se encontraba este domingo en Brasilia.<\/p>\n<p><iframe loading=\"lazy\" src=\"https:\/\/player.vimeo.com\/video\/787402376?h=362edad478\" width=\"640\" height=\"800\" frameborder=\"0\" allowfullscreen=\"allowfullscreen\" data-gtm-yt-inspected-2=\"true\" data-gtm-yt-inspected-11=\"true\" data-mce-fragment=\"1\"><\/iframe><\/p>\n<p>Patrullas de la Polic\u00eda Legislativa, que vela por la seguridad en el Congreso, fueron atacadas y las barreras que acordonaban las sedes de los tres poderes fueron destruidas por los manifestantes.<\/p>\n<p>Los actos antidemocr\u00e1ticos piden la intervenci\u00f3n militar de las\u00a0<strong>Fuerzas Armadas<\/strong>\u00a0para derrocar a Lula, quien asumi\u00f3 la Presidencia hace una semana, el 1 de enero.<\/p>\n<p>Los bolsonaristas radicales no reconocen la victoria en las urnas de Lula, quien en la segunda vuelta del 30 de octubre gan\u00f3 con el 50,9 % de los votos v\u00e1lidos frente al 49,1 % de Bolsonaro.<\/p>\n<p>Las polic\u00edas del\u00a0<strong>Legislativo<\/strong>\u00a0y de la\u00a0<strong>Fuerza Nacional de Seguridad<\/strong>, un grupo de elite de agentes de los diferentes estados, lanzaron gases lacrim\u00f3genos para dispersar, sin \u00e9xito, a los manifestantes, que portaban banderas del pa\u00eds y algunos estaban armados con palos.<\/p>\n<p>El ministro de Justicia,\u00a0<strong>Fl\u00e1vio Dino<\/strong>, que desde el s\u00e1bado hab\u00eda autorizado la actuaci\u00f3n de la\u00a0<strong>Fuerza Nacional de Seguridad<\/strong>\u00a0ante la llegada a la capital brasile\u00f1a de decenas de autobuses de bolsonaristas, dijo que la voluntad de los radicales &#8220;no prevalecer\u00e1&#8221;.<\/p>\n<p>Inmediatamente despu\u00e9s de la derrota en las urnas el pasado 30 de octubre, los bolsonaristas montaron campamentos frente a los cuarteles en varias ciudades brasile\u00f1as y en muchos lugares permanecen concentrados desde hace dos meses.<\/p>\n<p>Los actos en Brasilia desataron otros en el pa\u00eds, entre ellos en Sao Paulo, donde la Avenida 23 de Maio, una de las principales carreteras urbanas de Sao Paulo, fue bloqueada por bolsonaristas impidiendo la circulaci\u00f3n de autom\u00f3viles cerca del aeropuerto de Congonhas<\/p>\n<p>Impactos: 40<\/p>","protected":false},"excerpt":{"rendered":"<p>Por\u00a0EFE\u00a0 Seguidores del\u00a0expresidente brasile\u00f1o Jair Bolsonaro\u00a0invadieron este domingo el\u00a0Palacio de Planalto, sede del Ejecutivo, y la\u00a0Corte Suprema, despu\u00e9s de haber invadido antes el\u00a0Congreso Nacional\u00a0en<\/p>\n","protected":false},"author":3,"featured_media":17420,"comment_status":"closed","ping_status":"closed","sticky":false,"template":"","format":"standard","meta":[],"categories":[3],"tags":[],"_links":{"self":[{"href":"https:\/\/hormigaradio.com\/index.php?rest_route=\/wp\/v2\/posts\/17418"}],"collection":[{"href":"https:\/\/hormigaradio.com\/index.php?rest_route=\/wp\/v2\/posts"}],"about":[{"href":"https:\/\/hormigaradio.com\/index.php?rest_route=\/wp\/v2\/types\/post"}],"author":[{"embeddable":true,"href":"https:\/\/hormigaradio.com\/index.php?rest_route=\/wp\/v2\/users\/3"}],"replies":[{"embeddable":true,"href":"https:\/\/hormigaradio.com\/index.php?rest_route=%2Fwp%2Fv2%2Fcomments&post=17418"}],"version-history":[{"count":1,"href":"https:\/\/hormigaradio.com\/index.php?rest_route=\/wp\/v2\/posts\/17418\/revisions"}],"predecessor-version":[{"id":17419,"href":"https:\/\/hormigaradio.com\/index.php?rest_route=\/wp\/v2\/posts\/17418\/revisions\/17419"}],"wp:featuredmedia":[{"embeddable":true,"href":"https:\/\/hormigaradio.com\/index.php?rest_route=\/wp\/v2\/media\/17420"}],"wp:attachment":[{"href":"https:\/\/hormigaradio.com\/index.php?rest_route=%2Fwp%2Fv2%2Fmedia&parent=17418"}],"wp:term":[{"taxonomy":"category","embeddable":true,"href":"https:\/\/hormigaradio.com\/index.php?rest_route=%2Fwp%2Fv2%2Fcategories&post=17418"},{"taxonomy":"post_tag","embeddable":true,"href":"https:\/\/hormigaradio.com\/index.php?rest_route=%2Fwp%2Fv2%2Ftags&post=17418"}],"curies":[{"name":"wp","href":"https:\/\/api.w.org\/{rel}","templated":true}]}}