{"id":17421,"date":"2023-01-09T02:36:16","date_gmt":"2023-01-09T02:36:16","guid":{"rendered":"https:\/\/hormigaradio.com\/?p=17421"},"modified":"2023-01-09T02:37:17","modified_gmt":"2023-01-09T02:37:17","slug":"presidente-abinader-condena-acciones-seguidores-bolsonaro-palacio-presidencial-de-brasil","status":"publish","type":"post","link":"https:\/\/hormigaradio.com\/?p=17421","title":{"rendered":"PRESIDENTE ABINADER CONDENA ACCIONES  SEGUIDORES BOLSONARO  PALACIO PRESIDENCIAL DE BRASIL"},"content":{"rendered":"<p>Por\u00a0<a class=\"text-font font-700\" href=\"https:\/\/acento.com.do\/autor\/index.html?user_slug=servicios\">SERVICIOS DE ACENTO.COM.DO<\/a><\/p>\n<p>El\u00a0<strong>presidente Luis Abinader<\/strong>, conden\u00f3 y repudi\u00f3 las acciones de los\u00a0<a href=\"https:\/\/acento.com.do\/internacional\/bolsonaristas-radicales-invaden-el-palacio-presidencial-de-brasil-9150575.html\">seguidores del \u00a0<\/a><strong>expresidente brasile\u00f1o Jair Bolsonaro,<\/strong>que invadieron este domingo el Congreso Nacional, el Palacio de Planalto, sede del Ejecutivo, y la Corte Suprema,\u00a0 antes actos golpistas contra el\u00a0<strong>presidente de Brasil, Luiz In\u00e1cio Lula da Silva<\/strong>.<\/p>\n<p>En su cuenta de Twitter, Abinader, calific\u00f3 de injustificables los actos de violencia contra los poderes del Estado y la democracia de Brasil. Tambi\u00e9n, expres\u00f3 toda su solidaridad y apoyo al Gobierno de Lula da Silva.<\/p>\n<p>&#8220;En nombre del Gobierno dominicano expreso el m\u00e1s en\u00e9rgico repudio y condena a los injustificables actos de violencia contra los poderes del Estado y la democracia en Brasil. Toda nuestra solidaridad y apoyo al Gobierno y al pueblo de Brasil&#8221;, escribi\u00f3 Abinader en Twitter.<\/p>\n<div class=\"twitter-tweet twitter-tweet-rendered\"><iframe id=\"twitter-widget-0\" class=\"\" title=\"Twitter Tweet\" src=\"https:\/\/platform.twitter.com\/embed\/Tweet.html?creatorScreenName=Frontaly&amp;dnt=false&amp;embedId=twitter-widget-0&amp;features=eyJ0ZndfdGltZWxpbmVfbGlzdCI6eyJidWNrZXQiOlsibGlua3RyLmVlIiwidHIuZWUiLCJ0ZXJyYS5jb20uYnIiLCJ3d3cubGlua3RyLmVlIiwid3d3LnRyLmVlIiwid3d3LnRlcnJhLmNvbS5iciJdLCJ2ZXJzaW9uIjpudWxsfSwidGZ3X2hvcml6b25fdGltZWxpbmVfMTIwMzQiOnsiYnVja2V0IjoidHJlYXRtZW50IiwidmVyc2lvbiI6bnVsbH0sInRmd190d2VldF9lZGl0X2JhY2tlbmQiOnsiYnVja2V0Ijoib24iLCJ2ZXJzaW9uIjpudWxsfSwidGZ3X3JlZnNyY19zZXNzaW9uIjp7ImJ1Y2tldCI6Im9uIiwidmVyc2lvbiI6bnVsbH0sInRmd19zaG93X2J1c2luZXNzX3ZlcmlmaWVkX2JhZGdlIjp7ImJ1Y2tldCI6Im9uIiwidmVyc2lvbiI6bnVsbH0sInRmd19jaGluX3BpbGxzXzE0NzQxIjp7ImJ1Y2tldCI6ImNvbG9yX2ljb25zIiwidmVyc2lvbiI6bnVsbH0sInRmd190d2VldF9yZXN1bHRfbWlncmF0aW9uXzEzOTc5Ijp7ImJ1Y2tldCI6InR3ZWV0X3Jlc3VsdCIsInZlcnNpb24iOm51bGx9LCJ0ZndfbWl4ZWRfbWVkaWFfMTU4OTciOnsiYnVja2V0IjoidHJlYXRtZW50IiwidmVyc2lvbiI6bnVsbH0sInRmd19zZW5zaXRpdmVfbWVkaWFfaW50ZXJzdGl0aWFsXzEzOTYzIjp7ImJ1Y2tldCI6ImludGVyc3RpdGlhbCIsInZlcnNpb24iOm51bGx9LCJ0ZndfZXhwZXJpbWVudHNfY29va2llX2V4cGlyYXRpb24iOnsiYnVja2V0IjoxMjA5NjAwLCJ2ZXJzaW9uIjpudWxsfSwidGZ3X2R1cGxpY2F0ZV9zY3JpYmVzX3RvX3NldHRpbmdzIjp7ImJ1Y2tldCI6Im9uIiwidmVyc2lvbiI6bnVsbH0sInRmd192aWRlb19obHNfZHluYW1pY19tYW5pZmVzdHNfMTUwODIiOnsiYnVja2V0IjoidHJ1ZV9iaXRyYXRlIiwidmVyc2lvbiI6bnVsbH0sInRmd19zaG93X2JsdWVfdmVyaWZpZWRfYmFkZ2UiOnsiYnVja2V0Ijoib24iLCJ2ZXJzaW9uIjpudWxsfSwidGZ3X2xlZ2FjeV90aW1lbGluZV9zdW5zZXQiOnsiYnVja2V0IjpmYWxzZSwidmVyc2lvbiI6bnVsbH0sInRmd19zaG93X2dvdl92ZXJpZmllZF9iYWRnZSI6eyJidWNrZXQiOiJvbiIsInZlcnNpb24iOm51bGx9LCJ0Zndfc2hvd19idXNpbmVzc19hZmZpbGlhdGVfYmFkZ2UiOnsiYnVja2V0Ijoib24iLCJ2ZXJzaW9uIjpudWxsfSwidGZ3X3R3ZWV0X2VkaXRfZnJvbnRlbmQiOnsiYnVja2V0Ijoib24iLCJ2ZXJzaW9uIjpudWxsfX0%3D&amp;frame=false&amp;hideCard=false&amp;hideThread=false&amp;id=1612196096389808128&amp;lang=es&amp;origin=https%3A%2F%2Facento.com.do%2Factualidad%2Fabinader-condena-las-acciones-de-seguidores-bolsonaristas-por-invadir-palacio-presidencial-de-brasil-9150609.html&amp;sessionId=948e71193ce85fd27dcb32c5091b6740d6bc82da&amp;siteScreenName=acentodiario&amp;theme=light&amp;widgetsVersion=a3525f077c700%3A1667415560940&amp;width=550px\" frameborder=\"0\" scrolling=\"no\" allowfullscreen=\"allowfullscreen\" data-gtm-yt-inspected-2=\"true\" data-gtm-yt-inspected-10=\"true\" data-tweet-id=\"1612196096389808128\" data-mce-fragment=\"1\"><\/iframe><\/div>\n<p>&nbsp;<\/p>\n<p>La tarde de este domingo, los seguidores de Bolsonaro rompieron los ventanales de la sede del Poder Judicial, y ocuparon los edificios de los tres poderes en el pa\u00eds.<\/p>\n<p>Lula, quien est\u00e1 de visita en el interior del estado de Sao Paulo, no se encontraba este domingo en Brasilia.<\/p>\n<p>Patrullas de la Polic\u00eda Legislativa, que vela por la seguridad en el Congreso, fueron atacadas y las barreras que acordonaban las sedes de los tres poderes fueron destruidas por los manifestantes<\/p>\n<p>&nbsp;<\/p>\n<p>Impactos: 48<\/p>","protected":false},"excerpt":{"rendered":"<p>Por\u00a0SERVICIOS DE ACENTO.COM.DO El\u00a0presidente Luis Abinader, conden\u00f3 y repudi\u00f3 las acciones de los\u00a0seguidores del \u00a0expresidente brasile\u00f1o Jair Bolsonaro,que invadieron este domingo el Congreso Nacional,<\/p>\n","protected":false},"author":3,"featured_media":14909,"comment_status":"closed","ping_status":"closed","sticky":false,"template":"","format":"standard","meta":[],"categories":[3],"tags":[],"_links":{"self":[{"href":"https:\/\/hormigaradio.com\/index.php?rest_route=\/wp\/v2\/posts\/17421"}],"collection":[{"href":"https:\/\/hormigaradio.com\/index.php?rest_route=\/wp\/v2\/posts"}],"about":[{"href":"https:\/\/hormigaradio.com\/index.php?rest_route=\/wp\/v2\/types\/post"}],"author":[{"embeddable":true,"href":"https:\/\/hormigaradio.com\/index.php?rest_route=\/wp\/v2\/users\/3"}],"replies":[{"embeddable":true,"href":"https:\/\/hormigaradio.com\/index.php?rest_route=%2Fwp%2Fv2%2Fcomments&post=17421"}],"version-history":[{"count":1,"href":"https:\/\/hormigaradio.com\/index.php?rest_route=\/wp\/v2\/posts\/17421\/revisions"}],"predecessor-version":[{"id":17422,"href":"https:\/\/hormigaradio.com\/index.php?rest_route=\/wp\/v2\/posts\/17421\/revisions\/17422"}],"wp:featuredmedia":[{"embeddable":true,"href":"https:\/\/hormigaradio.com\/index.php?rest_route=\/wp\/v2\/media\/14909"}],"wp:attachment":[{"href":"https:\/\/hormigaradio.com\/index.php?rest_route=%2Fwp%2Fv2%2Fmedia&parent=17421"}],"wp:term":[{"taxonomy":"category","embeddable":true,"href":"https:\/\/hormigaradio.com\/index.php?rest_route=%2Fwp%2Fv2%2Fcategories&post=17421"},{"taxonomy":"post_tag","embeddable":true,"href":"https:\/\/hormigaradio.com\/index.php?rest_route=%2Fwp%2Fv2%2Ftags&post=17421"}],"curies":[{"name":"wp","href":"https:\/\/api.w.org\/{rel}","templated":true}]}}