{"id":17425,"date":"2023-01-12T04:09:34","date_gmt":"2023-01-12T04:09:34","guid":{"rendered":"https:\/\/hormigaradio.com\/?p=17425"},"modified":"2023-01-12T04:15:43","modified_gmt":"2023-01-12T04:15:43","slug":"policia-apresa-hombre-por-robo-accesorios-acondicionador-de-aire-palacio-de-justicia","status":"publish","type":"post","link":"https:\/\/hormigaradio.com\/?p=17425","title":{"rendered":"POLIC\u00cdA APRESA HOMBRE POR ROBO ACCESORIOS ACONDICIONADOR DE AIRE PALACIO DE JUSTICIA"},"content":{"rendered":"<div class=\"article-body-content\">\n<p>Por\u00a0<a class=\"text-font font-700\" href=\"https:\/\/acento.com.do\/autor\/index.html?user_slug=mlaureano\">M\u00c1XIMO LAUREANO<\/a><\/p>\n<p>La Polic\u00eda Nacional en Santiago notific\u00f3 el apresamiento de un hombre por el presunto robo de piezas del sistema del acondicionador de aire de la sede del Palacio de Justicia de la Av. 27 de Febrero.<\/p>\n<p>Seg\u00fan report\u00f3 la vocer\u00eda de la Direcci\u00f3n Cibao Central de la Polic\u00eda Nacional, el detenido es Edward De Jes\u00fas Brito (El Bruto), un joven de 26 a\u00f1os de edad responzabilizado de sustraer varios filtros y tuber\u00edas de cobre del sistema de climatizaci\u00f3n del edificio.<\/p>\n<p>La Polic\u00eda tambi\u00e9n ha notificado que &#8220;El Bruto&#8221; habr\u00eda actuado junto\u00a0a quien se ha identificado solo como \u201cEl Cojo\u201d, el que a\u00fan no ha podido ser ubicado por las autoridades.<\/p>\n<p>En la nota policial se establece que al momento de la detenci\u00f3n el arrestado De Jes\u00fas Brito ten\u00eda en su poder los accesorios del sistema de aire y que habr\u00eda confesado que actu\u00f3 en complicidad con la otra persona.<\/p>\n<p>El detenido ser\u00eda sometido a la justicia y se solicitar\u00e1 medida de coerci\u00f3n en su contra, en tanto que los accesorios incautados ser\u00edan entregados a los departamentos correspondientes para los fines de lugar<\/p>\n<\/div>\n<div id=\"tags\" class=\"tags flex-container align-center flex-wrap\"><\/div>\n<p>Impactos: 39<\/p>","protected":false},"excerpt":{"rendered":"<p>Por\u00a0M\u00c1XIMO LAUREANO La Polic\u00eda Nacional en Santiago notific\u00f3 el apresamiento de un hombre por el presunto robo de piezas del sistema del acondicionador de<\/p>\n","protected":false},"author":3,"featured_media":17427,"comment_status":"closed","ping_status":"closed","sticky":false,"template":"","format":"standard","meta":[],"categories":[3],"tags":[],"_links":{"self":[{"href":"https:\/\/hormigaradio.com\/index.php?rest_route=\/wp\/v2\/posts\/17425"}],"collection":[{"href":"https:\/\/hormigaradio.com\/index.php?rest_route=\/wp\/v2\/posts"}],"about":[{"href":"https:\/\/hormigaradio.com\/index.php?rest_route=\/wp\/v2\/types\/post"}],"author":[{"embeddable":true,"href":"https:\/\/hormigaradio.com\/index.php?rest_route=\/wp\/v2\/users\/3"}],"replies":[{"embeddable":true,"href":"https:\/\/hormigaradio.com\/index.php?rest_route=%2Fwp%2Fv2%2Fcomments&post=17425"}],"version-history":[{"count":1,"href":"https:\/\/hormigaradio.com\/index.php?rest_route=\/wp\/v2\/posts\/17425\/revisions"}],"predecessor-version":[{"id":17426,"href":"https:\/\/hormigaradio.com\/index.php?rest_route=\/wp\/v2\/posts\/17425\/revisions\/17426"}],"wp:featuredmedia":[{"embeddable":true,"href":"https:\/\/hormigaradio.com\/index.php?rest_route=\/wp\/v2\/media\/17427"}],"wp:attachment":[{"href":"https:\/\/hormigaradio.com\/index.php?rest_route=%2Fwp%2Fv2%2Fmedia&parent=17425"}],"wp:term":[{"taxonomy":"category","embeddable":true,"href":"https:\/\/hormigaradio.com\/index.php?rest_route=%2Fwp%2Fv2%2Fcategories&post=17425"},{"taxonomy":"post_tag","embeddable":true,"href":"https:\/\/hormigaradio.com\/index.php?rest_route=%2Fwp%2Fv2%2Ftags&post=17425"}],"curies":[{"name":"wp","href":"https:\/\/api.w.org\/{rel}","templated":true}]}}