{"id":17428,"date":"2023-01-12T23:28:20","date_gmt":"2023-01-12T23:28:20","guid":{"rendered":"https:\/\/hormigaradio.com\/?p=17428"},"modified":"2023-01-12T23:28:20","modified_gmt":"2023-01-12T23:28:20","slug":"lula-acusa-a-militares-y-policias-abrir-la-puerta-a-los-golpistas","status":"publish","type":"post","link":"https:\/\/hormigaradio.com\/?p=17428","title":{"rendered":"LULA ACUSA A MILITARES Y POLICIAS &#8220;ABRIR LA PUERTA&#8221; A LOS GOLPISTAS"},"content":{"rendered":"<figure id=\"attachment_15699\" aria-describedby=\"caption-attachment-15699\" style=\"width: 208px\" class=\"wp-caption alignleft\"><img loading=\"lazy\" class=\"size-medium wp-image-15699\" src=\"http:\/\/hormigaradio.com\/wp-content\/uploads\/2022\/03\/LULA-2-208x300.jpg\" alt=\"\" width=\"208\" height=\"300\" srcset=\"https:\/\/hormigaradio.com\/wp-content\/uploads\/2022\/03\/LULA-2-208x300.jpg 208w, https:\/\/hormigaradio.com\/wp-content\/uploads\/2022\/03\/LULA-2.jpg 330w\" sizes=\"(max-width: 208px) 100vw, 208px\" \/><figcaption id=\"caption-attachment-15699\" class=\"wp-caption-text\">FOTO OFICIAL PRES LULA<\/figcaption><\/figure>\n<picture class=\"preview-image\">El presidente de Brasil, Luiz Inacio Lula da Silva, habla durante reuni\u00f3n con periodistas hoy, en Bras\u00edlia (Brasil). EFE\/Andre Borges<\/picture>\n<p>El presidente brasile\u00f1o, Luiz In\u00e1cio Lula da Silva, afirm\u00f3 este jueves que miembros de la Polic\u00eda y de las Fuerzas Armadas fueron conniventes con los bolsonaristas radicales que asaltaron el domingo las sedes de la Presidencia, el Congreso y la Corte Suprema de Brasil.<\/p>\n<p>&#8220;Quiero ver los videos grabados dentro de la Corte Suprema, dentro del Palacio (presidencial de Planalto). Hubo mucha gente connivente. Hubo muchos miembros de la Polic\u00eda conniventes, muchos miembros de la Fuerzas Armadas aqu\u00ed dentro conniventes&#8221;, asegur\u00f3 el l\u00edder progresista en un desayuno con periodistas.<\/p>\n<p>El mandatario dijo que a\u00fan no ha conversado con sus colaboradores sobre sus sospechas porque est\u00e1 esperando que la situaci\u00f3n se calme un poco, pero que est\u00e1 convencido de que a los protagonistas de los actos antidemocr\u00e1ticos del domingo les abrieron las puertas.<\/p>\n<p>&#8220;Estoy convencido de que la puerta del Palacio de Planalto fue abierta para que esas personas entraran porque no hay ninguna puerta quebrada. Es decir que alguien les facilit\u00f3 la entrada aqu\u00ed&#8221;, agreg\u00f3 el l\u00edder del izquierdista Partido de los Trabajadores (PT).<\/p>\n<p>La seguridad de Planalto depende tanto de la Guardia Presidencial, un batall\u00f3n del Ej\u00e9rcito, como de los agentes de la Polic\u00eda Militarizada de Brasilia, algunos de los cuales aparecen en videos confraternizando con los asaltantes.<\/p>\n<p>De acuerdo con sus aliados, al asistir por televisi\u00f3n desde Sao Paulo los ataques a las sedes del poder, Lula se quej\u00f3 de la inacci\u00f3n de las Fuerzas Armadas y de su incapacidad para prever que la situaci\u00f3n llegar\u00eda a ese punto.<\/p>\n<p>&#8220;La imagen que tengo es de unas Fuerzas Armadas que saben que su papel est\u00e1 definido en la Constituci\u00f3n. Las Fuerzas Armadas no son el poder moderador que creen que son. Su papel est\u00e1 definido en la Constituci\u00f3n y es lo que quiero que hagan bien hecho&#8221;, dijo.<\/p>\n<p>Los miles de seguidores del expresidente Jair Bolsonaro, que como su l\u00edder no reconocen la victoria de Lula en las presidenciales de octubre, asaltaron las sedes de los tres poderes en un intento de presionar un golpe de Estado contra el l\u00edder progresista.<\/p>\n<p>El violento e in\u00e9dito ataque concluy\u00f3 con la detenci\u00f3n de cerca de 1.800 personas, de las que una tercera parte fue liberada por razones humanitarias aunque seguir\u00e1 vinculada al proceso.<\/p>\n<p>El presidente dijo que ya inici\u00f3 un proceso de selecci\u00f3n de personal para retirar a los bolsonaristas que trabajan en la Presidencia.<\/p>\n<p>&#8220;La verdad es que el Palacio estaba repleto de bolsonaristas, de militares, y estamos viendo si conseguimos corregir eso para poner a funcionarios de carrera, de preferencia a civiles que estaban aqu\u00ed y fueron transferidos&#8221;, afirm\u00f3.<\/p>\n<p>Sobre las cr\u00edticas a su ministro de Defensa, Jos\u00e9 M\u00facio, por no haber adoptado medidas para impedir los ataques que al parecer hab\u00edan sido previstos, Lula afirm\u00f3 que conf\u00eda en su colaborador y que lo mantendr\u00e1 en el cargo.<\/p>\n<p>&#8220;Si tengo que sacar a cada ministro en el momento en que cometa un error, ser\u00e1 la mayor rotaci\u00f3n de mano de obra en la historia de Brasil. Todos cometemos errores&#8221;, dijo.<\/p>\n<h1 class=\"\">Ministro de Bolsonaro dice documento golpista fue &#8220;sacado de contexto&#8221;<\/h1>\n<picture class=\"image\"><img loading=\"lazy\" src=\"https:\/\/acentos3.s3.us-east-2.amazonaws.com\/media\/storage02\/uploads\/2023\/01\/anderson-torres-y-bolsonaro-full-728x410.webp\" alt=\" Anderson Torres junto a Jair Bolsonaro.\" width=\"1400\" height=\"794\" \/>Anderson Torres junto a Jair Bolsonaro.<\/picture>\n<p>El exministro de Justicia de Brasil Anderson Torres dijo este jueves que el documento encontrado por la Polic\u00eda en su domicilio, que permitir\u00eda al expresidente Jair Bolsonaro tratar de cambiar el resultado de las elecciones, fue &#8220;sacado de contexto&#8221;.<\/p>\n<p>El pol\u00e9mico documento, desvelado por el diario Folha de S\u00e3o Paulo, se trata de un borrador de un decreto que habr\u00eda permitido a Bolsonaro instaurar un estado de excepci\u00f3n para intervenir el Tribunal Superior Electoral (TSE) y revertir el resultado de las elecciones del 30 de octubre, que gan\u00f3 Luiz In\u00e1cio Lula da Silva.<\/p>\n<p>&#8220;Hab\u00eda en mi casa una pila de documentos para descarte, donde muy probablemente encontraron el material descrito en el reportaje. Todo ser\u00eda llevado para ser triturado oportunamente en el Ministerio de Justicia&#8221;, dijo Torres en su cuenta de Twitter.<\/p>\n<p>El exministro de Bolsonaro, sobre quien pesa una orden de arresto, subray\u00f3 que &#8220;el citado documento fue incautado&#8221; cuando \u00e9l no se encontraba en casa &#8220;y filtrado fuera de contexto, ayudando a alimentar narrativas falaces&#8221; contra \u00e9l.<\/p>\n<p>&#8220;Respeto la democracia brasile\u00f1a. Tengo mi conciencia tranquila en relaci\u00f3n a mi actuaci\u00f3n como ministro&#8221;, agreg\u00f3 Torres, quien es investigado por el Tribunal Supremo por su supuesta responsabilidad en los ataques perpetrados por miles de bolsonaristas contra las sedes de la Presidencia, el Parlamento y el Tribunal Supremo.<\/p>\n<p>El documento fue encontrado hace dos d\u00edas durante los registros realizados por la Polic\u00eda Federal en la residencia de Torres, quien se encuentra en Estados Unidos y es investigado por no haber hecho nada para detener el asalto contra la sede de los tres poderes, perpetrado el pasado domingo por miles de bolsonaristas.<\/p>\n<p>Torres acababa de ser nombrado secretario de Seguridad P\u00fablica en la administraci\u00f3n regional de Brasilia, pero alega que en el primer d\u00eda en su nuevo trabajo se fue &#8220;de vacaciones&#8221; a Estados Unidos con su familia, aunque ha adelantado que pretende regresar a Brasil para colaborar con la Justicia.<\/p>\n<p>En el mismo d\u00eda de los ataques, Torres fue destituido del cargo por el gobernador Ibaneis Rocha, otro aliado de Bolsonaro, quien a su vez, fue suspendido de sus funciones durante noventa d\u00edas por orden judicial.<\/p>\n<p>Lula, quien decret\u00f3 la intervenci\u00f3n federal en el \u00e1rea de seguridad p\u00fablica en Brasilia, afirm\u00f3 este jueves que miembros de la Polic\u00eda y de las Fuerzas Armadas fueron conniventes con los actos golpistas.<\/p>\n<p>&#8220;Quiero ver los v\u00eddeos grabados dentro de la Corte Suprema, dentro del Palacio. Hubo mucha gente connivente. Hubo muchos miembros de la Polic\u00eda conniventes, muchos miembros de la Fuerzas Armadas aqu\u00ed dentro conniventes&#8221;, asegur\u00f3 el l\u00edder progresista en un desayuno con periodistas.<\/p>\n<p>Los ataques de los bolsonaristas, que estaban acampados desde hac\u00eda dos meses en las afueras de los cuarteles, han dejado unas 1.500 personas detenidas en Brasilia y abierto una serie de investigaciones contra pol\u00edticos y empresarios acusados de financiarlos.<\/p>\n<p>Impactos: 81<\/p>","protected":false},"excerpt":{"rendered":"<p>El presidente de Brasil, Luiz Inacio Lula da Silva, habla durante reuni\u00f3n con periodistas hoy, en Bras\u00edlia (Brasil). EFE\/Andre Borges El presidente brasile\u00f1o, Luiz<\/p>\n","protected":false},"author":3,"featured_media":17420,"comment_status":"closed","ping_status":"closed","sticky":false,"template":"","format":"standard","meta":[],"categories":[8],"tags":[],"_links":{"self":[{"href":"https:\/\/hormigaradio.com\/index.php?rest_route=\/wp\/v2\/posts\/17428"}],"collection":[{"href":"https:\/\/hormigaradio.com\/index.php?rest_route=\/wp\/v2\/posts"}],"about":[{"href":"https:\/\/hormigaradio.com\/index.php?rest_route=\/wp\/v2\/types\/post"}],"author":[{"embeddable":true,"href":"https:\/\/hormigaradio.com\/index.php?rest_route=\/wp\/v2\/users\/3"}],"replies":[{"embeddable":true,"href":"https:\/\/hormigaradio.com\/index.php?rest_route=%2Fwp%2Fv2%2Fcomments&post=17428"}],"version-history":[{"count":1,"href":"https:\/\/hormigaradio.com\/index.php?rest_route=\/wp\/v2\/posts\/17428\/revisions"}],"predecessor-version":[{"id":17429,"href":"https:\/\/hormigaradio.com\/index.php?rest_route=\/wp\/v2\/posts\/17428\/revisions\/17429"}],"wp:featuredmedia":[{"embeddable":true,"href":"https:\/\/hormigaradio.com\/index.php?rest_route=\/wp\/v2\/media\/17420"}],"wp:attachment":[{"href":"https:\/\/hormigaradio.com\/index.php?rest_route=%2Fwp%2Fv2%2Fmedia&parent=17428"}],"wp:term":[{"taxonomy":"category","embeddable":true,"href":"https:\/\/hormigaradio.com\/index.php?rest_route=%2Fwp%2Fv2%2Fcategories&post=17428"},{"taxonomy":"post_tag","embeddable":true,"href":"https:\/\/hormigaradio.com\/index.php?rest_route=%2Fwp%2Fv2%2Ftags&post=17428"}],"curies":[{"name":"wp","href":"https:\/\/api.w.org\/{rel}","templated":true}]}}