{"id":17456,"date":"2023-01-13T20:02:43","date_gmt":"2023-01-13T20:02:43","guid":{"rendered":"https:\/\/hormigaradio.com\/?p=17456"},"modified":"2023-01-13T20:07:15","modified_gmt":"2023-01-13T20:07:15","slug":"cancelan-a-funcionario-de-edenorte-que-habia-criticado-construccion-de-monorriel","status":"publish","type":"post","link":"https:\/\/hormigaradio.com\/?p=17456","title":{"rendered":"CANCELAN A FUNCIONARIO DE EDENORTE QUE HAB\u00cdA CRITICADO CONSTRUCCI\u00d3N DE MONORRIEL"},"content":{"rendered":"<p>Por\u00a0<a class=\"text-font font-700\" href=\"https:\/\/acento.com.do\/autor\/index.html?user_slug=mlaureano\">M\u00c1XIMO LAUREANO<\/a><\/p>\n<p>El exdirector comercial de Edenorte, ingeniero Ervin Vargas, habr\u00eda sido cancelado por haber criticado el proyecto del monorriel y otras obras que el Gobierno construye en Santiago.<\/p>\n<p>El despido de Vargas ha generado disgusto en las filas del Partido el Revolucionario Moderno (PRM) y otros sectores cercanos al profesional de la ingenier\u00eda.<\/p>\n<p><iframe loading=\"lazy\" src=\"https:\/\/drive.google.com\/file\/d\/1FmqPmOhSEUJW6IRGE7noXUX7SZm44Os-\/preview\" width=\"640\" height=\"480\" data-gtm-yt-inspected-2=\"true\" data-gtm-yt-inspected-11=\"true\" data-mce-fragment=\"1\"><\/iframe><\/p>\n<p>\u201cAndr\u00e9s Cueto, administrador general Edenorte acaba de desvincular al ingeniero Ervin Vargas de su posici\u00f3n, fue desvinculado por sus criterios t\u00e9cnicos profesionales a favor de Santiago\u201d, se lee en una reacci\u00f3n en las redes sociales.<\/p>\n<p>La cancelaci\u00f3n del ingeniero Ervin Vargas se llev\u00f3 a cabo luego que participara en un programa de televisi\u00f3n, en el cual hizo algunos se\u00f1alamientos relacionados a algunas obras que realiza el Gobierno en Santiago.<\/p>\n<p>Vargas quien es parte de dirigencia t\u00e9cnica del PRM en Santiago, y es reconocido por sus puntos de vista sobre temas del urbanismo, refiri\u00f3 en la entrevista que el sistema de transporte del monorriel no atraer\u00e1 a la cantidad de pasajeros que se ha proyectado.<\/p>\n<p>Vargas ha dicho que sus valoraciones sobre el proyecto del sistema de transporte monorriel fueron sacadas de contexto en una reproducci\u00f3n que se hizo en un peri\u00f3dico de circulaci\u00f3n nacional.<\/p>\n<p>Vargas se desempe\u00f1aba como director comercial de Edenorte desde el 9 de septiembre del 2020, y se le puso fin a su contrato el pasado 10 de enero del 2023.<\/p>\n<p>En la carta de notificaci\u00f3n no se explica la motivaci\u00f3n de la cancelaci\u00f3n.<\/p>\n<picture class=\"image\"><img loading=\"lazy\" src=\"https:\/\/acentos3.s3.us-east-2.amazonaws.com\/media\/storage02\/uploads\/2023\/01\/ervin-vargas-carta-de-cancelacion-de-edenorte-full-728x410.webp\" alt=\"\" width=\"867\" height=\"1155\" \/><\/picture>\n<p>Impactos: 51<\/p>","protected":false},"excerpt":{"rendered":"<p>Por\u00a0M\u00c1XIMO LAUREANO El exdirector comercial de Edenorte, ingeniero Ervin Vargas, habr\u00eda sido cancelado por haber criticado el proyecto del monorriel y otras obras que<\/p>\n","protected":false},"author":3,"featured_media":17459,"comment_status":"closed","ping_status":"closed","sticky":false,"template":"","format":"standard","meta":[],"categories":[3],"tags":[],"_links":{"self":[{"href":"https:\/\/hormigaradio.com\/index.php?rest_route=\/wp\/v2\/posts\/17456"}],"collection":[{"href":"https:\/\/hormigaradio.com\/index.php?rest_route=\/wp\/v2\/posts"}],"about":[{"href":"https:\/\/hormigaradio.com\/index.php?rest_route=\/wp\/v2\/types\/post"}],"author":[{"embeddable":true,"href":"https:\/\/hormigaradio.com\/index.php?rest_route=\/wp\/v2\/users\/3"}],"replies":[{"embeddable":true,"href":"https:\/\/hormigaradio.com\/index.php?rest_route=%2Fwp%2Fv2%2Fcomments&post=17456"}],"version-history":[{"count":1,"href":"https:\/\/hormigaradio.com\/index.php?rest_route=\/wp\/v2\/posts\/17456\/revisions"}],"predecessor-version":[{"id":17458,"href":"https:\/\/hormigaradio.com\/index.php?rest_route=\/wp\/v2\/posts\/17456\/revisions\/17458"}],"wp:featuredmedia":[{"embeddable":true,"href":"https:\/\/hormigaradio.com\/index.php?rest_route=\/wp\/v2\/media\/17459"}],"wp:attachment":[{"href":"https:\/\/hormigaradio.com\/index.php?rest_route=%2Fwp%2Fv2%2Fmedia&parent=17456"}],"wp:term":[{"taxonomy":"category","embeddable":true,"href":"https:\/\/hormigaradio.com\/index.php?rest_route=%2Fwp%2Fv2%2Fcategories&post=17456"},{"taxonomy":"post_tag","embeddable":true,"href":"https:\/\/hormigaradio.com\/index.php?rest_route=%2Fwp%2Fv2%2Ftags&post=17456"}],"curies":[{"name":"wp","href":"https:\/\/api.w.org\/{rel}","templated":true}]}}