{"id":17588,"date":"2023-01-30T22:57:10","date_gmt":"2023-01-30T22:57:10","guid":{"rendered":"https:\/\/hormigaradio.com\/?p=17588"},"modified":"2023-01-30T23:03:45","modified_gmt":"2023-01-30T23:03:45","slug":"con-una-oposicion-dividida-y-desacreditada-no-hay-posibilidad-de-que-el-presidente-no-se-reelija","status":"publish","type":"post","link":"https:\/\/hormigaradio.com\/?p=17588","title":{"rendered":"CON UNA OPOSICI\u00d3N DIVIDIDA Y DESACREDITADA, NO HAY POSIBILIDAD DE QUE EL PRESIDENTE NO SE REELIJA"},"content":{"rendered":"<div class=\"article-body-content\">\n<p>Por\u00a0<a class=\"text-font font-700\" href=\"https:\/\/acento.com.do\/autor\/index.html?user_slug=mlaureano\">M\u00c1XIMO LAUREANO<\/a><\/p>\n<p>\u201cHoy, yo no veo posibilidad alguna de que el presidente\u00a0<strong>Luis Abinader<\/strong>, no dure cuatro a\u00f1os m\u00e1s en la direcci\u00f3n del Estado\u201d, asegur\u00f3 este lunes el presidente municipal del Partido Revolucionario Moderno\u00a0<strong>(PRM), Andr\u00e9s Cueto Rosario<\/strong>.<\/p>\n<p>El tambi\u00e9n gerente general de la\u00a0<strong>Edenorte<\/strong>\u00a0justific\u00f3 su aseveraci\u00f3n en que no hay una oposici\u00f3n fuerte que pueda hacer frente al partido oficial.<\/p>\n<p>\u201cPorque hoy, lo que tenemos aqu\u00ed, es una mentada oposici\u00f3n, dividida y desacreditada\u201d, proclam\u00f3\u00a0<strong>Cueto Rosario<\/strong>\u00a0en su turno como dirigente en el acto de inicio del Plan Nacional de Crecimiento &#8220;Yo creo en ti&#8221;, que arranc\u00f3 este lunes en\u00a0<strong>Santiago de los Caballeros<\/strong>.<\/p>\n<p>En relaci\u00f3n a este tema interno del partido oficialista, habl\u00f3 tambi\u00e9n la gobernadora\u00a0<strong>Rosa Santos<\/strong>, quien resalt\u00f3 que el plan ser\u00eda vital para que el presidente\u00a0<strong>Abinader<\/strong>\u00a0pueda gobernar por cuatro a\u00f1os m\u00e1s.<\/p>\n<p><img loading=\"lazy\" class=\"aligncenter wp-image-17590 size-large\" src=\"http:\/\/hormigaradio.com\/wp-content\/uploads\/2023\/01\/WhatsApp-Image-2023-01-30-at-4.35.35-PM-1024x683.jpeg\" alt=\"\" width=\"715\" height=\"477\" srcset=\"https:\/\/hormigaradio.com\/wp-content\/uploads\/2023\/01\/WhatsApp-Image-2023-01-30-at-4.35.35-PM-1024x683.jpeg 1024w, https:\/\/hormigaradio.com\/wp-content\/uploads\/2023\/01\/WhatsApp-Image-2023-01-30-at-4.35.35-PM-300x200.jpeg 300w, https:\/\/hormigaradio.com\/wp-content\/uploads\/2023\/01\/WhatsApp-Image-2023-01-30-at-4.35.35-PM-768x512.jpeg 768w, https:\/\/hormigaradio.com\/wp-content\/uploads\/2023\/01\/WhatsApp-Image-2023-01-30-at-4.35.35-PM.jpeg 1500w\" sizes=\"(max-width: 715px) 100vw, 715px\" \/><\/p>\n<p>\u201cEsto es lo que va a garantizar, que realmente\u00a0<strong>Luis Abinader<\/strong>, pueda permanecer cuatro a\u00f1os m\u00e1s en el Poder y nosotros como partido a su lado\u201d, dijo la gobernadora.<\/p>\n<p>En tanto que el exsenador\u00a0<strong>Andr\u00e9s Bautista<\/strong>\u00a0llam\u00f3 a militancia del\u00a0<strong>PRM<\/strong>\u00a0a seguir el ejemplo de trabajo que, seg\u00fan explic\u00f3, ha ense\u00f1ado el presidente de la Rep\u00fablica.<\/p>\n<p>\u201c\u00c9l ha dado un ejemplo de que lo que hacer el trabajo, de lo que es el seguimiento, a cada uno de los problemas de este pa\u00eds, como ha invertido en cosas, que otros no quer\u00edan, porque son cosas que otros no quer\u00edan porque no se ven, por ejemplo el agua, porque se ha partido de que el desarrollo humano, sin agua, no hay desarrollo humano\u201d, afirm\u00f3\u00a0<strong>Bautista.<\/strong><\/p>\n<div id=\"news-4-13\" class=\"banner-box\" data-dfpasync=\"\" data-bannerdesktop=\"true\" data-bannermobile=\"true\">\n<div id=\"div-gpt-ad-1569425899117-24\" data-bannernombre=\"5168668\/News_Middle_02\" data-bannersize=\"[[728, 90]]\" data-bannermapping=\"mapping8\"><\/div>\n<\/div>\n<p>Con el Plan Nacional de Crecimiento \u201c<strong>Yo creo en ti<\/strong>\u201d, la dirigencia del Partido Revolucionario Moderno\u00a0<strong>(PRM)<\/strong>\u00a0busca aumentar la matr\u00edcula de miembros de esa organizaci\u00f3n.<\/p>\n<p>El acto desarrollado en Santiago estuvo encabezado por\u00a0<strong>Andr\u00e9s Bautista,<\/strong>\u00a0miembro de la Direcci\u00f3n Ejecutiva del\u00a0<strong>PRM.<\/strong><\/p>\n<p><strong>Bautista<\/strong>\u00a0afirm\u00f3 que firmas encuestadoras de nacionales e internacionales, atribuyen al mandatario Luis Abinader entre un 62 a 70 % de aprobaci\u00f3n.<\/p>\n<p>Seg\u00fan los miembros de la dirigencia del\u00a0<strong>PRM,<\/strong>\u00a0en Santiago se lleva a cabo una inversi\u00f3n hist\u00f3rica que sobrepasa los RD$ 54 mil millones<\/p>\n<p>En la jornada de Crecimiento adem\u00e1s participaron Ricardo Pe\u00f1a, Epifanio Balbuena, Federico Reynoso, Andr\u00e9s Burgos, Lucildo G\u00f3mez, Deysi D\u00edaz, Manuel Lora Perell\u00f3, Amarfi Suarez, los diputados Soraya Suarez y Francisco D\u00edaz, los alcaldes Cesar \u00c1lvarez, Eddy B\u00e1ez y regidores de los distintos municipios del partido en la provincia Santiago<\/p>\n<\/div>\n<div id=\"tags\" class=\"tags flex-container align-center flex-wrap\"><\/div>\n<p>Impactos: 29<\/p>","protected":false},"excerpt":{"rendered":"<p>Por\u00a0M\u00c1XIMO LAUREANO \u201cHoy, yo no veo posibilidad alguna de que el presidente\u00a0Luis Abinader, no dure cuatro a\u00f1os m\u00e1s en la direcci\u00f3n del Estado\u201d, asegur\u00f3<\/p>\n","protected":false},"author":3,"featured_media":13476,"comment_status":"closed","ping_status":"closed","sticky":false,"template":"","format":"standard","meta":[],"categories":[6],"tags":[],"_links":{"self":[{"href":"https:\/\/hormigaradio.com\/index.php?rest_route=\/wp\/v2\/posts\/17588"}],"collection":[{"href":"https:\/\/hormigaradio.com\/index.php?rest_route=\/wp\/v2\/posts"}],"about":[{"href":"https:\/\/hormigaradio.com\/index.php?rest_route=\/wp\/v2\/types\/post"}],"author":[{"embeddable":true,"href":"https:\/\/hormigaradio.com\/index.php?rest_route=\/wp\/v2\/users\/3"}],"replies":[{"embeddable":true,"href":"https:\/\/hormigaradio.com\/index.php?rest_route=%2Fwp%2Fv2%2Fcomments&post=17588"}],"version-history":[{"count":3,"href":"https:\/\/hormigaradio.com\/index.php?rest_route=\/wp\/v2\/posts\/17588\/revisions"}],"predecessor-version":[{"id":17592,"href":"https:\/\/hormigaradio.com\/index.php?rest_route=\/wp\/v2\/posts\/17588\/revisions\/17592"}],"wp:featuredmedia":[{"embeddable":true,"href":"https:\/\/hormigaradio.com\/index.php?rest_route=\/wp\/v2\/media\/13476"}],"wp:attachment":[{"href":"https:\/\/hormigaradio.com\/index.php?rest_route=%2Fwp%2Fv2%2Fmedia&parent=17588"}],"wp:term":[{"taxonomy":"category","embeddable":true,"href":"https:\/\/hormigaradio.com\/index.php?rest_route=%2Fwp%2Fv2%2Fcategories&post=17588"},{"taxonomy":"post_tag","embeddable":true,"href":"https:\/\/hormigaradio.com\/index.php?rest_route=%2Fwp%2Fv2%2Ftags&post=17588"}],"curies":[{"name":"wp","href":"https:\/\/api.w.org\/{rel}","templated":true}]}}