{"id":17605,"date":"2023-02-01T14:51:07","date_gmt":"2023-02-01T14:51:07","guid":{"rendered":"https:\/\/hormigaradio.com\/?p=17605"},"modified":"2023-02-01T14:51:07","modified_gmt":"2023-02-01T14:51:07","slug":"temblor-de-tierra-sacude-peravia-santo-domingo-y-otras-provincias","status":"publish","type":"post","link":"https:\/\/hormigaradio.com\/?p=17605","title":{"rendered":"TEMBLOR DE TIERRA SACUDE PERAVIA, SANTO DOMINGO Y OTRAS PROVINCIAS"},"content":{"rendered":"<p><img loading=\"lazy\" class=\"size-medium wp-image-12991 alignleft\" src=\"http:\/\/hormigaradio.com\/wp-content\/uploads\/2021\/05\/temblor-dos-300x161.jpg\" alt=\"\" width=\"300\" height=\"161\" srcset=\"https:\/\/hormigaradio.com\/wp-content\/uploads\/2021\/05\/temblor-dos-300x161.jpg 300w, https:\/\/hormigaradio.com\/wp-content\/uploads\/2021\/05\/temblor-dos-768x413.jpg 768w, https:\/\/hormigaradio.com\/wp-content\/uploads\/2021\/05\/temblor-dos.jpg 1024w\" sizes=\"(max-width: 300px) 100vw, 300px\" \/>Por\u00a0<a class=\"text-font font-700\" href=\"https:\/\/acento.com.do\/autor\/index.html?user_slug=servicios\">SERVICIOS DE ACENTO.COM.DO<\/a><\/p>\n<p>La ma\u00f1ana de este mi\u00e9rcoles, espec\u00edficamente a las 7:11, se registr\u00f3 un fuerte\u00a0<strong>temblor de tierra<\/strong>\u00a0en el pa\u00eds, de una magnitud de 5.3 en la escala de Richter.<\/p>\n<p>El\u00a0<strong>sismo<\/strong>\u00a0tuvo su epicentro\u00a0a 27 kil\u00f3metros de Matanzas,\u00a0provincia Peravia, con una profundidad de 10 kil\u00f3metros, afectando Bahamas, Rep\u00fablica Dominicana, Hait\u00ed, Puerto Rico e Islas Turcas y Caicos.<\/p>\n<p>El\u00a0<strong>terremoto,<\/strong>\u00a0indica el servicio sismol\u00f3gico de\u00a0<strong>Estados Unidos<\/strong>, tuvo un \u00e1rea de expansi\u00f3n de 100 kil\u00f3metros.<\/p>\n<p>Hasta el momento no se han reportado da\u00f1os estructurales a edificaciones o personas lesionadas.<\/p>\n<p>Sin embargo, algunos residentes en distintas partes de Santo Domingo, optaron por salir de sus casas a ra\u00edz del fuerte movimiento tel\u00farico.<\/p>\n<div class=\"twitter-tweet twitter-tweet-rendered\"><iframe id=\"twitter-widget-0\" class=\"\" title=\"Twitter Tweet\" src=\"https:\/\/platform.twitter.com\/embed\/Tweet.html?creatorScreenName=Frontaly&amp;dnt=false&amp;embedId=twitter-widget-0&amp;features=eyJ0ZndfdGltZWxpbmVfbGlzdCI6eyJidWNrZXQiOltdLCJ2ZXJzaW9uIjpudWxsfSwidGZ3X2ZvbGxvd2VyX2NvdW50X3N1bnNldCI6eyJidWNrZXQiOnRydWUsInZlcnNpb24iOm51bGx9LCJ0ZndfdHdlZXRfZWRpdF9iYWNrZW5kIjp7ImJ1Y2tldCI6Im9uIiwidmVyc2lvbiI6bnVsbH0sInRmd19yZWZzcmNfc2Vzc2lvbiI6eyJidWNrZXQiOiJvbiIsInZlcnNpb24iOm51bGx9LCJ0Zndfc2hvd19idXNpbmVzc192ZXJpZmllZF9iYWRnZSI6eyJidWNrZXQiOiJvbiIsInZlcnNpb24iOm51bGx9LCJ0ZndfbWl4ZWRfbWVkaWFfMTU4OTciOnsiYnVja2V0IjoidHJlYXRtZW50IiwidmVyc2lvbiI6bnVsbH0sInRmd19leHBlcmltZW50c19jb29raWVfZXhwaXJhdGlvbiI6eyJidWNrZXQiOjEyMDk2MDAsInZlcnNpb24iOm51bGx9LCJ0ZndfZHVwbGljYXRlX3NjcmliZXNfdG9fc2V0dGluZ3MiOnsiYnVja2V0Ijoib24iLCJ2ZXJzaW9uIjpudWxsfSwidGZ3X3ZpZGVvX2hsc19keW5hbWljX21hbmlmZXN0c18xNTA4MiI6eyJidWNrZXQiOiJ0cnVlX2JpdHJhdGUiLCJ2ZXJzaW9uIjpudWxsfSwidGZ3X3Nob3dfYmx1ZV92ZXJpZmllZF9iYWRnZSI6eyJidWNrZXQiOiJvbiIsInZlcnNpb24iOm51bGx9LCJ0ZndfbGVnYWN5X3RpbWVsaW5lX3N1bnNldCI6eyJidWNrZXQiOnRydWUsInZlcnNpb24iOm51bGx9LCJ0Zndfc2hvd19nb3ZfdmVyaWZpZWRfYmFkZ2UiOnsiYnVja2V0Ijoib24iLCJ2ZXJzaW9uIjpudWxsfSwidGZ3X3Nob3dfYnVzaW5lc3NfYWZmaWxpYXRlX2JhZGdlIjp7ImJ1Y2tldCI6Im9uIiwidmVyc2lvbiI6bnVsbH0sInRmd190d2VldF9lZGl0X2Zyb250ZW5kIjp7ImJ1Y2tldCI6Im9uIiwidmVyc2lvbiI6bnVsbH19&amp;frame=false&amp;hideCard=false&amp;hideThread=false&amp;id=1620747982303023104&amp;lang=es&amp;origin=https%3A%2F%2Facento.com.do%2Factualidad%2Ftemblor-de-tierra-sacude-santo-domingo-y-otras-provincias-9158936.html&amp;sessionId=a4b001f9ec2d6674f2d4fa61bdc1a66f1e02d17d&amp;siteScreenName=acentodiario&amp;theme=light&amp;widgetsVersion=aaf4084522e3a%3A1674595607486&amp;width=550px\" frameborder=\"0\" scrolling=\"no\" allowfullscreen=\"allowfullscreen\" data-gtm-yt-inspected-2=\"true\" data-gtm-yt-inspected-11=\"true\" data-tweet-id=\"1620747982303023104\" data-mce-fragment=\"1\"><\/iframe><\/div>\n<p>&nbsp;<\/p>\n<p>La sacudida tambi\u00e9n pudo sentirse en la provincia Duarte, donde el pasado domingo 29 se registr\u00f3 un\u00a0<a href=\"https:\/\/acento.com.do\/ecologia\/el-temblor-de-tierra-en-el-noreste-de-republica-dominicana-fue-de-magnitud-5-0-9158133.html\">sismo de 5 grados<\/a>\u00a0en la escala de Richter, a las 2.32 de la tarde.<\/p>\n<p>Dicho temblor tuvo su epicentro a 5 kil\u00f3metros del municipio Arenoso, en la\u00a0<a href=\"https:\/\/acento.com.do\/ecologia\/se-produce-temblor-de-tierra-en-republica-dominicana-9158125.html\">provincia Duarte<\/a>, en el noreste dominicano<\/p>\n<p>Impactos: 37<\/p>","protected":false},"excerpt":{"rendered":"<p>Por\u00a0SERVICIOS DE ACENTO.COM.DO La ma\u00f1ana de este mi\u00e9rcoles, espec\u00edficamente a las 7:11, se registr\u00f3 un fuerte\u00a0temblor de tierra\u00a0en el pa\u00eds, de una magnitud de<\/p>\n","protected":false},"author":3,"featured_media":3691,"comment_status":"open","ping_status":"open","sticky":false,"template":"","format":"standard","meta":[],"categories":[3],"tags":[],"_links":{"self":[{"href":"https:\/\/hormigaradio.com\/index.php?rest_route=\/wp\/v2\/posts\/17605"}],"collection":[{"href":"https:\/\/hormigaradio.com\/index.php?rest_route=\/wp\/v2\/posts"}],"about":[{"href":"https:\/\/hormigaradio.com\/index.php?rest_route=\/wp\/v2\/types\/post"}],"author":[{"embeddable":true,"href":"https:\/\/hormigaradio.com\/index.php?rest_route=\/wp\/v2\/users\/3"}],"replies":[{"embeddable":true,"href":"https:\/\/hormigaradio.com\/index.php?rest_route=%2Fwp%2Fv2%2Fcomments&post=17605"}],"version-history":[{"count":1,"href":"https:\/\/hormigaradio.com\/index.php?rest_route=\/wp\/v2\/posts\/17605\/revisions"}],"predecessor-version":[{"id":17606,"href":"https:\/\/hormigaradio.com\/index.php?rest_route=\/wp\/v2\/posts\/17605\/revisions\/17606"}],"wp:featuredmedia":[{"embeddable":true,"href":"https:\/\/hormigaradio.com\/index.php?rest_route=\/wp\/v2\/media\/3691"}],"wp:attachment":[{"href":"https:\/\/hormigaradio.com\/index.php?rest_route=%2Fwp%2Fv2%2Fmedia&parent=17605"}],"wp:term":[{"taxonomy":"category","embeddable":true,"href":"https:\/\/hormigaradio.com\/index.php?rest_route=%2Fwp%2Fv2%2Fcategories&post=17605"},{"taxonomy":"post_tag","embeddable":true,"href":"https:\/\/hormigaradio.com\/index.php?rest_route=%2Fwp%2Fv2%2Ftags&post=17605"}],"curies":[{"name":"wp","href":"https:\/\/api.w.org\/{rel}","templated":true}]}}